{"id":4367,"date":"2018-10-26T11:37:48","date_gmt":"2018-10-26T11:37:48","guid":{"rendered":"http:\/\/blogs.hoy.es\/senderosextremadura\/?p=4367"},"modified":"2018-10-26T11:39:08","modified_gmt":"2018-10-26T11:39:08","slug":"valdefuentes-celebra-el-3-de-noviembre-la-v-ruta-de-las-castanas","status":"publish","type":"post","link":"https:\/\/blogs.hoy.es\/senderosextremadura\/2018\/10\/26\/valdefuentes-celebra-el-3-de-noviembre-la-v-ruta-de-las-castanas\/","title":{"rendered":"Valdefuentes celebra el 3 de noviembre la V Ruta de las Casta\u00f1as"},"content":{"rendered":"<p><img loading=\"lazy\" class=\"aligncenter size-large wp-image-4368\" src=\"https:\/\/static-blogs.hoy.es\/wp-content\/uploads\/sites\/22\/2018\/10\/valdefuentes-600x849.jpg\" alt=\"valdefuentes\" width=\"600\" height=\"849\" srcset=\"https:\/\/static-blogs.hoy.es\/wp-content\/uploads\/sites\/22\/2018\/10\/valdefuentes-600x849.jpg 600w, https:\/\/static-blogs.hoy.es\/wp-content\/uploads\/sites\/22\/2018\/10\/valdefuentes-212x300.jpg 212w, https:\/\/static-blogs.hoy.es\/wp-content\/uploads\/sites\/22\/2018\/10\/valdefuentes.jpg 753w\" sizes=\"(max-width: 600px) 100vw, 600px\" \/><\/p>\n<p>El pr\u00f3ximo s\u00e1bado 3 de noviembre se celebrar\u00e1 la <strong>V edici\u00f3n de la Ruta de las Casta\u00f1as<\/strong>, organizada por el Ayuntamiento de <strong>Valdefuentes<\/strong>. La caminata comenzar\u00e1\u00a0 a las 9:00 h. desde la plaza de Espa\u00f1a de Valdefuentes; la inscripci\u00f3n que es gratuita se puede realizar en las oficinas del Consistorio o en el Bar Susi hasta las 14:00 del d\u00eda 2 de noviem<span class=\"text_exposed_show\">bre. El recorrido aproximado es de 17 Kms., con una dificultad media. A todos los participantes que se hayan inscrito en la misma se les ofrecer\u00e1 durante el recorrido un peque\u00f1o \u00e1gape en Casa Bautista de Mont\u00e1nchez y al finalizar la ruta habr\u00e1 paella y\u00a0refresco en Bar Susi de Valdefuentes, de forma gratuita.<\/span><\/p>\n<!-- AddThis Advanced Settings generic via filter on the_content --><!-- AddThis Share Buttons generic via filter on the_content -->","protected":false},"excerpt":{"rendered":"<p>El pr\u00f3ximo s\u00e1bado 3 de noviembre se celebrar\u00e1 la V edici\u00f3n de la Ruta de las Casta\u00f1as, organizada por el Ayuntamiento de Valdefuentes. La caminata comenzar\u00e1\u00a0 a las 9:00 h. desde la plaza de Espa\u00f1a de Valdefuentes; la inscripci\u00f3n que es gratuita se puede realizar en las oficinas del Consistorio o en el Bar Susi [&hellip;]<!-- AddThis Advanced Settings generic via filter on get_the_excerpt --><!-- AddThis Share Buttons generic via filter on get_the_excerpt --><\/p>\n","protected":false},"author":27,"featured_media":0,"comment_status":"open","ping_status":"closed","sticky":false,"template":"","format":"standard","meta":[],"categories":[4],"tags":[1050],"_links":{"self":[{"href":"https:\/\/blogs.hoy.es\/senderosextremadura\/wp-json\/wp\/v2\/posts\/4367"}],"collection":[{"href":"https:\/\/blogs.hoy.es\/senderosextremadura\/wp-json\/wp\/v2\/posts"}],"about":[{"href":"https:\/\/blogs.hoy.es\/senderosextremadura\/wp-json\/wp\/v2\/types\/post"}],"author":[{"embeddable":true,"href":"https:\/\/blogs.hoy.es\/senderosextremadura\/wp-json\/wp\/v2\/users\/27"}],"replies":[{"embeddable":true,"href":"https:\/\/blogs.hoy.es\/senderosextremadura\/wp-json\/wp\/v2\/comments?post=4367"}],"version-history":[{"count":2,"href":"https:\/\/blogs.hoy.es\/senderosextremadura\/wp-json\/wp\/v2\/posts\/4367\/revisions"}],"predecessor-version":[{"id":4370,"href":"https:\/\/blogs.hoy.es\/senderosextremadura\/wp-json\/wp\/v2\/posts\/4367\/revisions\/4370"}],"wp:attachment":[{"href":"https:\/\/blogs.hoy.es\/senderosextremadura\/wp-json\/wp\/v2\/media?parent=4367"}],"wp:term":[{"taxonomy":"category","embeddable":true,"href":"https:\/\/blogs.hoy.es\/senderosextremadura\/wp-json\/wp\/v2\/categories?post=4367"},{"taxonomy":"post_tag","embeddable":true,"href":"https:\/\/blogs.hoy.es\/senderosextremadura\/wp-json\/wp\/v2\/tags?post=4367"}],"curies":[{"name":"wp","href":"https:\/\/api.w.org\/{rel}","templated":true}]}}