{"id":438,"date":"2012-04-24T09:26:55","date_gmt":"2012-04-24T09:26:55","guid":{"rendered":"http:\/\/blogs.hoy.es\/senderosextremadura\/?p=438"},"modified":"2012-04-24T09:26:55","modified_gmt":"2012-04-24T09:26:55","slug":"galeria-de-fotos-de-la-ruta-al-corazon-de-jesus","status":"publish","type":"post","link":"https:\/\/blogs.hoy.es\/senderosextremadura\/2012\/04\/24\/galeria-de-fotos-de-la-ruta-al-corazon-de-jesus\/","title":{"rendered":"Galer\u00eda de fotos de la ruta al Coraz\u00f3n de Jes\u00fas"},"content":{"rendered":"<h2><strong><\/strong><a href=\"https:\/\/blogs.hoy.es\/senderosextremadura\/2012\/04\/24\/galeria-de-fotos-de-la-ruta-al-corazon-de-jesus\/rutas-badajoz\/\" rel=\"attachment wp-att-439\"><img loading=\"lazy\" class=\"alignleft size-large wp-image-439\" title=\"rutas-badajoz\" src=\"\/senderosextremadura\/wp-content\/uploads\/sites\/22\/2012\/04\/rutas-badajoz.jpg\" alt=\"\" width=\"440\" height=\"209\" srcset=\"https:\/\/static-blogs.hoy.es\/wp-content\/uploads\/sites\/22\/2012\/04\/rutas-badajoz.jpg 1260w, https:\/\/static-blogs.hoy.es\/wp-content\/uploads\/sites\/22\/2012\/04\/rutas-badajoz-300x143.jpg 300w, https:\/\/static-blogs.hoy.es\/wp-content\/uploads\/sites\/22\/2012\/04\/rutas-badajoz-768x366.jpg 768w, https:\/\/static-blogs.hoy.es\/wp-content\/uploads\/sites\/22\/2012\/04\/rutas-badajoz-600x286.jpg 600w\" sizes=\"(max-width: 440px) 100vw, 440px\" \/><\/a>El <strong>Club del Caminante de Badajoz<\/strong> opt\u00f3 este fin de semana por una de las rutas que bordean la capital pacense. Los senderistas enfilaron el camino en direcci\u00f3n a <strong>Olivenza<\/strong>, para llegar hasta la barriada del\u00a0 <strong>Coraz\u00f3n de Jes\u00fas,<\/strong> una marcha de 18 kil\u00f3metros bordeando la carretera Ex-107. Os dejamos el enlace con las fotos que nos han facilitado.<\/h2>\n<h2><\/h2>\n<h2><a href=\"http:\/\/www.hoy.es\/multimedia\/fotos\/ultimos\/97445-ruta-corazon-jesus-0.html\" rel=\"external nofollow\">GALER\u00cdA DE FOTOS<\/a><\/h2>\n<!-- AddThis Advanced Settings generic via filter on the_content --><!-- AddThis Share Buttons generic via filter on the_content -->","protected":false},"excerpt":{"rendered":"<p>El Club del Caminante de Badajoz opt\u00f3 este fin de semana por una de las rutas que bordean la capital pacense. Los senderistas enfilaron el camino en direcci\u00f3n a Olivenza, para llegar hasta la barriada del\u00a0 Coraz\u00f3n de Jes\u00fas, una marcha de 18 kil\u00f3metros bordeando la carretera Ex-107. Os dejamos el enlace con las fotos [&hellip;]<!-- AddThis Advanced Settings generic via filter on get_the_excerpt --><!-- AddThis Share Buttons generic via filter on get_the_excerpt --><\/p>\n","protected":false},"author":27,"featured_media":0,"comment_status":"open","ping_status":"closed","sticky":false,"template":"","format":"standard","meta":[],"categories":[3],"tags":[],"_links":{"self":[{"href":"https:\/\/blogs.hoy.es\/senderosextremadura\/wp-json\/wp\/v2\/posts\/438"}],"collection":[{"href":"https:\/\/blogs.hoy.es\/senderosextremadura\/wp-json\/wp\/v2\/posts"}],"about":[{"href":"https:\/\/blogs.hoy.es\/senderosextremadura\/wp-json\/wp\/v2\/types\/post"}],"author":[{"embeddable":true,"href":"https:\/\/blogs.hoy.es\/senderosextremadura\/wp-json\/wp\/v2\/users\/27"}],"replies":[{"embeddable":true,"href":"https:\/\/blogs.hoy.es\/senderosextremadura\/wp-json\/wp\/v2\/comments?post=438"}],"version-history":[{"count":0,"href":"https:\/\/blogs.hoy.es\/senderosextremadura\/wp-json\/wp\/v2\/posts\/438\/revisions"}],"wp:attachment":[{"href":"https:\/\/blogs.hoy.es\/senderosextremadura\/wp-json\/wp\/v2\/media?parent=438"}],"wp:term":[{"taxonomy":"category","embeddable":true,"href":"https:\/\/blogs.hoy.es\/senderosextremadura\/wp-json\/wp\/v2\/categories?post=438"},{"taxonomy":"post_tag","embeddable":true,"href":"https:\/\/blogs.hoy.es\/senderosextremadura\/wp-json\/wp\/v2\/tags?post=438"}],"curies":[{"name":"wp","href":"https:\/\/api.w.org\/{rel}","templated":true}]}}