{"id":4383,"date":"2018-12-11T21:20:10","date_gmt":"2018-12-11T21:20:10","guid":{"rendered":"http:\/\/blogs.hoy.es\/senderosextremadura\/?p=4383"},"modified":"2018-12-11T21:20:10","modified_gmt":"2018-12-11T21:20:10","slug":"ruta-por-la-sierra-maria-andres-entre-nogales-y-la-morera-15-y-16-de-diciembre","status":"publish","type":"post","link":"https:\/\/blogs.hoy.es\/senderosextremadura\/2018\/12\/11\/ruta-por-la-sierra-maria-andres-entre-nogales-y-la-morera-15-y-16-de-diciembre\/","title":{"rendered":"Ruta por la Sierra Mar\u00eda Andr\u00e9s, entre Nogales y La Morera (15 y 16 de diciembre)"},"content":{"rendered":"<p><img loading=\"lazy\" class=\"aligncenter size-large wp-image-4384\" src=\"https:\/\/static-blogs.hoy.es\/wp-content\/uploads\/sites\/22\/2018\/12\/dehesa--600x346.jpg\" alt=\"dehesa\" width=\"600\" height=\"346\" srcset=\"https:\/\/static-blogs.hoy.es\/wp-content\/uploads\/sites\/22\/2018\/12\/dehesa--600x346.jpg 600w, https:\/\/static-blogs.hoy.es\/wp-content\/uploads\/sites\/22\/2018\/12\/dehesa--300x173.jpg 300w, https:\/\/static-blogs.hoy.es\/wp-content\/uploads\/sites\/22\/2018\/12\/dehesa-.jpg 624w\" sizes=\"(max-width: 600px) 100vw, 600px\" \/><\/p>\n<p>La experta en bot\u00e1nica <strong>Mar\u00eda Luisa Villoslada<\/strong> ha organizado una ruta por la Sierra Mar\u00eda Andr\u00e9s, entre Nogales y La Morera. Los participantes recorrer\u00e1n un tramo de este espacio natural protegido como <strong>Zona Especial de Conservaci\u00f3n (ZEC)<\/strong> por la singularidad y nivel de conservaci\u00f3n de su vegetaci\u00f3n, propia de zonas calizas albergando uno de las formaciones de acebuchales m\u00e1s importantes de Extremadura. Este espacio se sit\u00faa en las estribaciones de Sierra Morena, al suroeste de la provincia de Badajoz.\u00a0 En la caminata de 8 kil\u00f3metros se podr\u00e1n reconocer plantas aut\u00f3ctonas a la vez que se realiza una interpretaci\u00f3n del paisaje. La salida tendr\u00e1 lugar a las diez de la ma\u00f1ana del s\u00e1bado 15 y el domingo 16 de diciembre\u00a0 desde el colegio p\u00fablico San Crist\u00f3bal de Nogales. Las plazas est\u00e1n limitadas a un m\u00e1ximo de 15.\u00a0 Para inscribirse se puede contactar con la organizadora a trav\u00e9s del m\u00f3vil 636429616 o en el mail gestambienteconsultoria@gmail.com. El precio de la inscripci\u00f3n es de 10 euros.<\/p>\n<!-- AddThis Advanced Settings generic via filter on the_content --><!-- AddThis Share Buttons generic via filter on the_content -->","protected":false},"excerpt":{"rendered":"<p>La experta en bot\u00e1nica Mar\u00eda Luisa Villoslada ha organizado una ruta por la Sierra Mar\u00eda Andr\u00e9s, entre Nogales y La Morera. Los participantes recorrer\u00e1n un tramo de este espacio natural protegido como Zona Especial de Conservaci\u00f3n (ZEC) por la singularidad y nivel de conservaci\u00f3n de su vegetaci\u00f3n, propia de zonas calizas albergando uno de las [&hellip;]<!-- AddThis Advanced Settings generic via filter on get_the_excerpt --><!-- AddThis Share Buttons generic via filter on get_the_excerpt --><\/p>\n","protected":false},"author":27,"featured_media":0,"comment_status":"open","ping_status":"closed","sticky":false,"template":"","format":"standard","meta":[],"categories":[4],"tags":[430,575,817,836,906],"_links":{"self":[{"href":"https:\/\/blogs.hoy.es\/senderosextremadura\/wp-json\/wp\/v2\/posts\/4383"}],"collection":[{"href":"https:\/\/blogs.hoy.es\/senderosextremadura\/wp-json\/wp\/v2\/posts"}],"about":[{"href":"https:\/\/blogs.hoy.es\/senderosextremadura\/wp-json\/wp\/v2\/types\/post"}],"author":[{"embeddable":true,"href":"https:\/\/blogs.hoy.es\/senderosextremadura\/wp-json\/wp\/v2\/users\/27"}],"replies":[{"embeddable":true,"href":"https:\/\/blogs.hoy.es\/senderosextremadura\/wp-json\/wp\/v2\/comments?post=4383"}],"version-history":[{"count":1,"href":"https:\/\/blogs.hoy.es\/senderosextremadura\/wp-json\/wp\/v2\/posts\/4383\/revisions"}],"predecessor-version":[{"id":4385,"href":"https:\/\/blogs.hoy.es\/senderosextremadura\/wp-json\/wp\/v2\/posts\/4383\/revisions\/4385"}],"wp:attachment":[{"href":"https:\/\/blogs.hoy.es\/senderosextremadura\/wp-json\/wp\/v2\/media?parent=4383"}],"wp:term":[{"taxonomy":"category","embeddable":true,"href":"https:\/\/blogs.hoy.es\/senderosextremadura\/wp-json\/wp\/v2\/categories?post=4383"},{"taxonomy":"post_tag","embeddable":true,"href":"https:\/\/blogs.hoy.es\/senderosextremadura\/wp-json\/wp\/v2\/tags?post=4383"}],"curies":[{"name":"wp","href":"https:\/\/api.w.org\/{rel}","templated":true}]}}