{"id":441,"date":"2012-04-24T09:54:49","date_gmt":"2012-04-24T09:54:49","guid":{"rendered":"http:\/\/blogs.hoy.es\/senderosextremadura\/?p=441"},"modified":"2012-04-24T09:54:49","modified_gmt":"2012-04-24T09:54:49","slug":"montaneros-de-monfrague-se-marcha-a-portugal-28-de-abril","status":"publish","type":"post","link":"https:\/\/blogs.hoy.es\/senderosextremadura\/2012\/04\/24\/montaneros-de-monfrague-se-marcha-a-portugal-28-de-abril\/","title":{"rendered":"Monta\u00f1eros de Monfrag\u00fce se marcha a Portugal (28 de abril)"},"content":{"rendered":"<h2><a href=\"https:\/\/blogs.hoy.es\/senderosextremadura\/2012\/04\/24\/montaneros-de-monfrague-se-marcha-a-portugal-28-de-abril\/wikiloc\/\" rel=\"attachment wp-att-443\"><img loading=\"lazy\" class=\"aligncenter size-full wp-image-443\" title=\"wikiloc\" src=\"\/senderosextremadura\/wp-content\/uploads\/sites\/22\/2012\/04\/wikiloc.jpg\" alt=\"\" width=\"666\" height=\"319\" srcset=\"https:\/\/static-blogs.hoy.es\/wp-content\/uploads\/sites\/22\/2012\/04\/wikiloc-300x143.jpg 300w, https:\/\/static-blogs.hoy.es\/wp-content\/uploads\/sites\/22\/2012\/04\/wikiloc-600x286.jpg 600w\" sizes=\"(max-width: 666px) 100vw, 666px\" \/><\/a><\/h2>\n<h2>La Asociaci\u00f3n <a href=\"http:\/\/montanerosmonfrague.es\/actividades.html\" target=\"_blank\" rel=\"external nofollow\"><strong>Monta\u00f1eros de Monfrag\u00fce<\/strong><\/a> de C\u00e1ceres ha programado para el pr\u00f3ximo s\u00e1bado 28 de abril una ruta por Portugal. El recorrido por el pa\u00eds vecino ser\u00e1 <strong>Monfortinho- Penha Garc\u00eda- Salvador<\/strong>.<\/h2>\n<h2>Se trata de una ruta de unos 24 kil\u00f3metros con un desnivel acumulado de 1.200 metros. Se saldr\u00e1 a las ocho de la ma\u00f1ana desde el aparcamiento de autobuses de la plaza Obispo Galarza de C\u00e1ceres<\/h2>\n<h2>Conviene llevar algo de ropa de abrigo, gorra y chubasquero.<\/h2>\n<h2>Nivel de dificultad 3, es decir,<small> apta para personas acostumbradas a andar por la monta\u00f1a con desniveles de hasta 1.000 metros.<\/small><\/h2>\n<p>&nbsp;<\/p>\n<!-- AddThis Advanced Settings generic via filter on the_content --><!-- AddThis Share Buttons generic via filter on the_content -->","protected":false},"excerpt":{"rendered":"<p>La Asociaci\u00f3n Monta\u00f1eros de Monfrag\u00fce de C\u00e1ceres ha programado para el pr\u00f3ximo s\u00e1bado 28 de abril una ruta por Portugal. El recorrido por el pa\u00eds vecino ser\u00e1 Monfortinho- Penha Garc\u00eda- Salvador. Se trata de una ruta de unos 24 kil\u00f3metros con un desnivel acumulado de 1.200 metros. Se saldr\u00e1 a las ocho de la ma\u00f1ana [&hellip;]<!-- AddThis Advanced Settings generic via filter on get_the_excerpt --><!-- AddThis Share Buttons generic via filter on get_the_excerpt --><\/p>\n","protected":false},"author":27,"featured_media":0,"comment_status":"open","ping_status":"closed","sticky":false,"template":"","format":"standard","meta":[],"categories":[4],"tags":[68,121,515,646],"_links":{"self":[{"href":"https:\/\/blogs.hoy.es\/senderosextremadura\/wp-json\/wp\/v2\/posts\/441"}],"collection":[{"href":"https:\/\/blogs.hoy.es\/senderosextremadura\/wp-json\/wp\/v2\/posts"}],"about":[{"href":"https:\/\/blogs.hoy.es\/senderosextremadura\/wp-json\/wp\/v2\/types\/post"}],"author":[{"embeddable":true,"href":"https:\/\/blogs.hoy.es\/senderosextremadura\/wp-json\/wp\/v2\/users\/27"}],"replies":[{"embeddable":true,"href":"https:\/\/blogs.hoy.es\/senderosextremadura\/wp-json\/wp\/v2\/comments?post=441"}],"version-history":[{"count":0,"href":"https:\/\/blogs.hoy.es\/senderosextremadura\/wp-json\/wp\/v2\/posts\/441\/revisions"}],"wp:attachment":[{"href":"https:\/\/blogs.hoy.es\/senderosextremadura\/wp-json\/wp\/v2\/media?parent=441"}],"wp:term":[{"taxonomy":"category","embeddable":true,"href":"https:\/\/blogs.hoy.es\/senderosextremadura\/wp-json\/wp\/v2\/categories?post=441"},{"taxonomy":"post_tag","embeddable":true,"href":"https:\/\/blogs.hoy.es\/senderosextremadura\/wp-json\/wp\/v2\/tags?post=441"}],"curies":[{"name":"wp","href":"https:\/\/api.w.org\/{rel}","templated":true}]}}