{"id":4411,"date":"2019-01-18T17:24:34","date_gmt":"2019-01-18T17:24:34","guid":{"rendered":"http:\/\/blogs.hoy.es\/senderosextremadura\/?p=4411"},"modified":"2019-01-18T18:19:59","modified_gmt":"2019-01-18T18:19:59","slug":"la-ruta-monumental-octavio-augusto-de-merida-celebra-el-27-de-enero-su-decima-edicion","status":"publish","type":"post","link":"https:\/\/blogs.hoy.es\/senderosextremadura\/2019\/01\/18\/la-ruta-monumental-octavio-augusto-de-merida-celebra-el-27-de-enero-su-decima-edicion\/","title":{"rendered":"La Ruta Monumental Octavio Augusto de M\u00e9rida celebra el 27 de enero su d\u00e9cima edici\u00f3n"},"content":{"rendered":"<p>El pr\u00f3ximo domingo 27 de enero tendr\u00e1 lugar en M\u00e9rida la d\u00e9cima edici\u00f3n de la &#8216;Ruta Monumental Octavio Augusto&#8217;, prueba incluida en el Circuito &#8216;Camina Extremadura 2019&#8217;. Se trata de un recorrido circular de 14,760 km con salida a las 9 horas desde IFEME. La duraci\u00f3n estimada es de unas 4 horas.<br \/>\nLa ruta combina la parte natural de los r\u00edos, con la monumentalidad de la ciudad y la adaptaci\u00f3n de sus riberas como pulm\u00f3n y zona verde de la misma.<br \/>\nEl precio de la inscripci\u00f3n es de 6 euros (para senderistas federados) y 8 para no federados. El plazo de inscripci\u00f3n termina el 23 de enero. Inscripciones limitadas a 650 participantes.<br \/>\nLa ruta esta organizada por el Club de Senderismo Em\u00e9rita Augusta y cuenta con el patrocinio de la Direcci\u00f3n General de Deportes de la Junta de Extremadura, la Federaci\u00f3n Extreme\u00f1a de Monta\u00f1a y Escalada\u201d (FEXME), Excmo. Ayuntamiento de M\u00e9rida y el Consorcio de la Ciudad Monumental de M\u00e9rida.<br \/>\nToda la informaci\u00f3n de la prueba e inscripciones se encontrar\u00e1 en la web del Club Organizador: <a href=\"http:\/\/www.senderismoemeritaaugusta.com\/\" rel=\"external nofollow\">www.senderismoemeritaaugusta.com<\/a>.<\/p>\n<p><img loading=\"lazy\" class=\"aligncenter size-large wp-image-4412\" src=\"https:\/\/static-blogs.hoy.es\/wp-content\/uploads\/sites\/22\/2019\/01\/Ruta-Octavio-Augusto-2019-cartel-600x849.jpg\" alt=\"ruta-octavio-augusto-2019-cartel\" width=\"600\" height=\"849\" srcset=\"https:\/\/static-blogs.hoy.es\/wp-content\/uploads\/sites\/22\/2019\/01\/Ruta-Octavio-Augusto-2019-cartel-600x849.jpg 600w, https:\/\/static-blogs.hoy.es\/wp-content\/uploads\/sites\/22\/2019\/01\/Ruta-Octavio-Augusto-2019-cartel-212x300.jpg 212w, https:\/\/static-blogs.hoy.es\/wp-content\/uploads\/sites\/22\/2019\/01\/Ruta-Octavio-Augusto-2019-cartel.jpg 724w\" sizes=\"(max-width: 600px) 100vw, 600px\" \/><\/p>\n<!-- AddThis Advanced Settings generic via filter on the_content --><!-- AddThis Share Buttons generic via filter on the_content -->","protected":false},"excerpt":{"rendered":"<p>El pr\u00f3ximo domingo 27 de enero tendr\u00e1 lugar en M\u00e9rida la d\u00e9cima edici\u00f3n de la &#8216;Ruta Monumental Octavio Augusto&#8217;, prueba incluida en el Circuito &#8216;Camina Extremadura 2019&#8217;. Se trata de un recorrido circular de 14,760 km con salida a las 9 horas desde IFEME. La duraci\u00f3n estimada es de unas 4 horas. La ruta combina [&hellip;]<!-- AddThis Advanced Settings generic via filter on get_the_excerpt --><!-- AddThis Share Buttons generic via filter on get_the_excerpt --><\/p>\n","protected":false},"author":27,"featured_media":0,"comment_status":"open","ping_status":"closed","sticky":false,"template":"","format":"standard","meta":[],"categories":[4],"tags":[301,495,836,906],"_links":{"self":[{"href":"https:\/\/blogs.hoy.es\/senderosextremadura\/wp-json\/wp\/v2\/posts\/4411"}],"collection":[{"href":"https:\/\/blogs.hoy.es\/senderosextremadura\/wp-json\/wp\/v2\/posts"}],"about":[{"href":"https:\/\/blogs.hoy.es\/senderosextremadura\/wp-json\/wp\/v2\/types\/post"}],"author":[{"embeddable":true,"href":"https:\/\/blogs.hoy.es\/senderosextremadura\/wp-json\/wp\/v2\/users\/27"}],"replies":[{"embeddable":true,"href":"https:\/\/blogs.hoy.es\/senderosextremadura\/wp-json\/wp\/v2\/comments?post=4411"}],"version-history":[{"count":1,"href":"https:\/\/blogs.hoy.es\/senderosextremadura\/wp-json\/wp\/v2\/posts\/4411\/revisions"}],"predecessor-version":[{"id":4413,"href":"https:\/\/blogs.hoy.es\/senderosextremadura\/wp-json\/wp\/v2\/posts\/4411\/revisions\/4413"}],"wp:attachment":[{"href":"https:\/\/blogs.hoy.es\/senderosextremadura\/wp-json\/wp\/v2\/media?parent=4411"}],"wp:term":[{"taxonomy":"category","embeddable":true,"href":"https:\/\/blogs.hoy.es\/senderosextremadura\/wp-json\/wp\/v2\/categories?post=4411"},{"taxonomy":"post_tag","embeddable":true,"href":"https:\/\/blogs.hoy.es\/senderosextremadura\/wp-json\/wp\/v2\/tags?post=4411"}],"curies":[{"name":"wp","href":"https:\/\/api.w.org\/{rel}","templated":true}]}}