{"id":4423,"date":"2019-01-29T15:58:36","date_gmt":"2019-01-29T15:58:36","guid":{"rendered":"http:\/\/blogs.hoy.es\/senderosextremadura\/?p=4423"},"modified":"2019-01-29T15:58:36","modified_gmt":"2019-01-29T15:58:36","slug":"ruta-del-alimoche-en-torrejoncillo-3-de-febrero","status":"publish","type":"post","link":"https:\/\/blogs.hoy.es\/senderosextremadura\/2019\/01\/29\/ruta-del-alimoche-en-torrejoncillo-3-de-febrero\/","title":{"rendered":"Ruta del Alimoche en Torrejoncillo (3 de febrero)"},"content":{"rendered":"<p>Torrejoncillo acoge el domingo 3 de febrero la Ruta del Alimoche. Se trata de una marcha circular de 16,5 kil\u00f3metros por el entorno natural de la localidad cacere\u00f1a. Los senderistas saldr\u00e1n a las 9 horas desde Laguna de Arriba y se dirigir\u00e1n hacia la pista de la Cebollosa, para tomar una bajada hasta la presa y regresar por la pista. Las inscripciones se pueden realizar a trav\u00e9s de los dinamizadores deportivos, en el n\u00famero 699043463 o directamente en el pabell\u00f3n de Torrejoncillo hasta el jueves, a las 14 horas. Hay cien plazas disponibles. La inscripci\u00f3n tiene un precio de 5 euros e incluye seguro, asistencia en ruta, avituallamiento y pincho al finalizar.<\/p>\n<p>&nbsp;<\/p>\n<!-- AddThis Advanced Settings generic via filter on the_content --><!-- AddThis Share Buttons generic via filter on the_content -->","protected":false},"excerpt":{"rendered":"<p>Torrejoncillo acoge el domingo 3 de febrero la Ruta del Alimoche. Se trata de una marcha circular de 16,5 kil\u00f3metros por el entorno natural de la localidad cacere\u00f1a. Los senderistas saldr\u00e1n a las 9 horas desde Laguna de Arriba y se dirigir\u00e1n hacia la pista de la Cebollosa, para tomar una bajada hasta la presa [&hellip;]<!-- AddThis Advanced Settings generic via filter on get_the_excerpt --><!-- AddThis Share Buttons generic via filter on get_the_excerpt --><\/p>\n","protected":false},"author":27,"featured_media":0,"comment_status":"open","ping_status":"closed","sticky":false,"template":"","format":"standard","meta":[],"categories":[4],"tags":[821,906,1191],"_links":{"self":[{"href":"https:\/\/blogs.hoy.es\/senderosextremadura\/wp-json\/wp\/v2\/posts\/4423"}],"collection":[{"href":"https:\/\/blogs.hoy.es\/senderosextremadura\/wp-json\/wp\/v2\/posts"}],"about":[{"href":"https:\/\/blogs.hoy.es\/senderosextremadura\/wp-json\/wp\/v2\/types\/post"}],"author":[{"embeddable":true,"href":"https:\/\/blogs.hoy.es\/senderosextremadura\/wp-json\/wp\/v2\/users\/27"}],"replies":[{"embeddable":true,"href":"https:\/\/blogs.hoy.es\/senderosextremadura\/wp-json\/wp\/v2\/comments?post=4423"}],"version-history":[{"count":1,"href":"https:\/\/blogs.hoy.es\/senderosextremadura\/wp-json\/wp\/v2\/posts\/4423\/revisions"}],"predecessor-version":[{"id":4425,"href":"https:\/\/blogs.hoy.es\/senderosextremadura\/wp-json\/wp\/v2\/posts\/4423\/revisions\/4425"}],"wp:attachment":[{"href":"https:\/\/blogs.hoy.es\/senderosextremadura\/wp-json\/wp\/v2\/media?parent=4423"}],"wp:term":[{"taxonomy":"category","embeddable":true,"href":"https:\/\/blogs.hoy.es\/senderosextremadura\/wp-json\/wp\/v2\/categories?post=4423"},{"taxonomy":"post_tag","embeddable":true,"href":"https:\/\/blogs.hoy.es\/senderosextremadura\/wp-json\/wp\/v2\/tags?post=4423"}],"curies":[{"name":"wp","href":"https:\/\/api.w.org\/{rel}","templated":true}]}}