{"id":4430,"date":"2019-02-18T19:27:41","date_gmt":"2019-02-18T19:27:41","guid":{"rendered":"http:\/\/blogs.hoy.es\/senderosextremadura\/?p=4430"},"modified":"2019-02-18T19:27:41","modified_gmt":"2019-02-18T19:27:41","slug":"ruta-de-los-carboneros-en-el-puerto-de-honduras-24-de-febrero","status":"publish","type":"post","link":"https:\/\/blogs.hoy.es\/senderosextremadura\/2019\/02\/18\/ruta-de-los-carboneros-en-el-puerto-de-honduras-24-de-febrero\/","title":{"rendered":"Ruta de los Carboneros en el Puerto de Honduras (24 de febrero)"},"content":{"rendered":"<p class=\"western\" align=\"justify\"><img loading=\"lazy\" class=\"aligncenter size-large wp-image-4431\" src=\"https:\/\/static-blogs.hoy.es\/wp-content\/uploads\/sites\/22\/2019\/02\/norberto-bueno-600x370.jpg\" alt=\"norberto-bueno\" width=\"600\" height=\"370\" srcset=\"https:\/\/static-blogs.hoy.es\/wp-content\/uploads\/sites\/22\/2019\/02\/norberto-bueno-600x370.jpg 600w, https:\/\/static-blogs.hoy.es\/wp-content\/uploads\/sites\/22\/2019\/02\/norberto-bueno-300x185.jpg 300w, https:\/\/static-blogs.hoy.es\/wp-content\/uploads\/sites\/22\/2019\/02\/norberto-bueno.jpg 624w\" sizes=\"(max-width: 600px) 100vw, 600px\" \/><\/p>\n<p class=\"western\" align=\"justify\"><span style=\"color: #000000;\"><span style=\"font-family: Arial, sans-serif;\"><span style=\"font-size: medium;\">Este domingo <strong>24 de febrero<\/strong> se celebra en el <strong>Puerto de Honduras la Ruta de los Carboneros<\/strong>. La marcha est\u00e1 organizada por el Ayuntamiento de Coria, a trav\u00e9s de la Concejal\u00eda de Deportes, y se trata de una traves\u00eda con inicio en Cabezuela del Valle y llegada a Gargantilla. La duraci\u00f3n <\/span><\/span><\/span><span style=\"color: #000000;\"><span style=\"font-family: Arial, sans-serif;\"><span style=\"font-size: medium;\">aproximada de<\/span><\/span><\/span><span style=\"color: #000000;\"><span style=\"font-family: Arial, sans-serif;\"><span style=\"font-size: medium;\">l recorrido es de<\/span><\/span><\/span><span style=\"color: #000000;\"><span style=\"font-family: Arial, sans-serif;\"><span style=\"font-size: medium;\"> 4,35 horas. <\/span><\/span><\/span><span style=\"color: #000000;\"><span style=\"font-family: Arial, sans-serif;\"><span style=\"font-size: medium;\">Los participantes saldr\u00e1n a las ocho de la ma\u00f1ana desde la Casa de la Cultura de Coria. La fecha l\u00edmite de inscripci\u00f3n es el jueves 21 de febrero (hasta que se cubran las plazas de autob\u00fas). Se puede consultar toda la informaci\u00f3n a trav\u00e9s de este link: <a href=\"http:\/\/senderismocoria.blogspot.com\/\" rel=\"external nofollow\">http:\/\/senderismocoria.blogspot.com\/<\/a>.\u00a0<\/span><\/span><\/span><\/p>\n<!-- AddThis Advanced Settings generic via filter on the_content --><!-- AddThis Share Buttons generic via filter on the_content -->","protected":false},"excerpt":{"rendered":"<p>Este domingo 24 de febrero se celebra en el Puerto de Honduras la Ruta de los Carboneros. La marcha est\u00e1 organizada por el Ayuntamiento de Coria, a trav\u00e9s de la Concejal\u00eda de Deportes, y se trata de una traves\u00eda con inicio en Cabezuela del Valle y llegada a Gargantilla. La duraci\u00f3n aproximada del recorrido es [&hellip;]<!-- AddThis Advanced Settings generic via filter on get_the_excerpt --><!-- AddThis Share Buttons generic via filter on get_the_excerpt --><\/p>\n","protected":false},"author":27,"featured_media":0,"comment_status":"open","ping_status":"closed","sticky":false,"template":"","format":"standard","meta":[],"categories":[4],"tags":[118,239,1193,821,906],"_links":{"self":[{"href":"https:\/\/blogs.hoy.es\/senderosextremadura\/wp-json\/wp\/v2\/posts\/4430"}],"collection":[{"href":"https:\/\/blogs.hoy.es\/senderosextremadura\/wp-json\/wp\/v2\/posts"}],"about":[{"href":"https:\/\/blogs.hoy.es\/senderosextremadura\/wp-json\/wp\/v2\/types\/post"}],"author":[{"embeddable":true,"href":"https:\/\/blogs.hoy.es\/senderosextremadura\/wp-json\/wp\/v2\/users\/27"}],"replies":[{"embeddable":true,"href":"https:\/\/blogs.hoy.es\/senderosextremadura\/wp-json\/wp\/v2\/comments?post=4430"}],"version-history":[{"count":1,"href":"https:\/\/blogs.hoy.es\/senderosextremadura\/wp-json\/wp\/v2\/posts\/4430\/revisions"}],"predecessor-version":[{"id":4432,"href":"https:\/\/blogs.hoy.es\/senderosextremadura\/wp-json\/wp\/v2\/posts\/4430\/revisions\/4432"}],"wp:attachment":[{"href":"https:\/\/blogs.hoy.es\/senderosextremadura\/wp-json\/wp\/v2\/media?parent=4430"}],"wp:term":[{"taxonomy":"category","embeddable":true,"href":"https:\/\/blogs.hoy.es\/senderosextremadura\/wp-json\/wp\/v2\/categories?post=4430"},{"taxonomy":"post_tag","embeddable":true,"href":"https:\/\/blogs.hoy.es\/senderosextremadura\/wp-json\/wp\/v2\/tags?post=4430"}],"curies":[{"name":"wp","href":"https:\/\/api.w.org\/{rel}","templated":true}]}}