{"id":4433,"date":"2019-02-20T17:29:53","date_gmt":"2019-02-20T17:29:53","guid":{"rendered":"http:\/\/blogs.hoy.es\/senderosextremadura\/?p=4433"},"modified":"2019-02-20T17:29:53","modified_gmt":"2019-02-20T17:29:53","slug":"caminando-por-el-camino-de-las-vinas-de-cilleros-24-de-febrero","status":"publish","type":"post","link":"https:\/\/blogs.hoy.es\/senderosextremadura\/2019\/02\/20\/caminando-por-el-camino-de-las-vinas-de-cilleros-24-de-febrero\/","title":{"rendered":"Caminando por el Camino de las Vi\u00f1as de Cilleros (24 de febrero)"},"content":{"rendered":"<p style=\"font-weight: 400;\">Cilleros acoge este domingo 24 de febrero la ruta senderista &#8216;Camino de las Vi\u00f1a&#8217;.\u00a0 La marcha comenzar\u00e1 a las\u00a0 9,30 horas de la ma\u00f1ana desde la plaza del Ca\u00f1o de la localidad serragatina.\u00a0El recorrido tendr\u00e1 una distancia de 9,5 kil\u00f3metros y una intensidad baja. Se recomienda llevar ropa y calzado adecuado, adem\u00e1s de agua.<\/p>\n<p style=\"font-weight: 400;\">\n<p style=\"font-weight: 400;\">Fuente: Juan Ram\u00f3n Negro Gal\u00e1n.<\/p>\n<!-- AddThis Advanced Settings generic via filter on the_content --><!-- AddThis Share Buttons generic via filter on the_content -->","protected":false},"excerpt":{"rendered":"<p>Cilleros acoge este domingo 24 de febrero la ruta senderista &#8216;Camino de las Vi\u00f1a&#8217;.\u00a0 La marcha comenzar\u00e1 a las\u00a0 9,30 horas de la ma\u00f1ana desde la plaza del Ca\u00f1o de la localidad serragatina.\u00a0El recorrido tendr\u00e1 una distancia de 9,5 kil\u00f3metros y una intensidad baja. Se recomienda llevar ropa y calzado adecuado, adem\u00e1s de agua. Fuente: [&hellip;]<!-- AddThis Advanced Settings generic via filter on get_the_excerpt --><!-- AddThis Share Buttons generic via filter on get_the_excerpt --><\/p>\n","protected":false},"author":27,"featured_media":0,"comment_status":"open","ping_status":"closed","sticky":false,"template":"","format":"standard","meta":[],"categories":[4],"tags":[852,906],"_links":{"self":[{"href":"https:\/\/blogs.hoy.es\/senderosextremadura\/wp-json\/wp\/v2\/posts\/4433"}],"collection":[{"href":"https:\/\/blogs.hoy.es\/senderosextremadura\/wp-json\/wp\/v2\/posts"}],"about":[{"href":"https:\/\/blogs.hoy.es\/senderosextremadura\/wp-json\/wp\/v2\/types\/post"}],"author":[{"embeddable":true,"href":"https:\/\/blogs.hoy.es\/senderosextremadura\/wp-json\/wp\/v2\/users\/27"}],"replies":[{"embeddable":true,"href":"https:\/\/blogs.hoy.es\/senderosextremadura\/wp-json\/wp\/v2\/comments?post=4433"}],"version-history":[{"count":1,"href":"https:\/\/blogs.hoy.es\/senderosextremadura\/wp-json\/wp\/v2\/posts\/4433\/revisions"}],"predecessor-version":[{"id":4434,"href":"https:\/\/blogs.hoy.es\/senderosextremadura\/wp-json\/wp\/v2\/posts\/4433\/revisions\/4434"}],"wp:attachment":[{"href":"https:\/\/blogs.hoy.es\/senderosextremadura\/wp-json\/wp\/v2\/media?parent=4433"}],"wp:term":[{"taxonomy":"category","embeddable":true,"href":"https:\/\/blogs.hoy.es\/senderosextremadura\/wp-json\/wp\/v2\/categories?post=4433"},{"taxonomy":"post_tag","embeddable":true,"href":"https:\/\/blogs.hoy.es\/senderosextremadura\/wp-json\/wp\/v2\/tags?post=4433"}],"curies":[{"name":"wp","href":"https:\/\/api.w.org\/{rel}","templated":true}]}}