{"id":4435,"date":"2019-02-20T18:42:07","date_gmt":"2019-02-20T18:42:07","guid":{"rendered":"http:\/\/blogs.hoy.es\/senderosextremadura\/?p=4435"},"modified":"2019-02-20T18:48:18","modified_gmt":"2019-02-20T18:48:18","slug":"ruta-transfronteriza-de-zarza-la-mayor-a-salvaterra-do-extremo","status":"publish","type":"post","link":"https:\/\/blogs.hoy.es\/senderosextremadura\/2019\/02\/20\/ruta-transfronteriza-de-zarza-la-mayor-a-salvaterra-do-extremo\/","title":{"rendered":"Ruta transfronteriza de Zarza la Mayor a Salvaterra do Extremo"},"content":{"rendered":"<p>Una ruta transfronteriza es la propuesta de la Asociaci\u00f3n Deportiva X\u00e1lima de Moraleja (Ademoxa ) para este domingo. Los participantes realizar\u00e1n un recorrido de unos 20 kil\u00f3metros que les llevar\u00e1 desde la localidad cacere\u00f1a de Zarza la Mayor hasta el municipio luso de Salvaterra do Extremo, pasando por el Castillo de Pe\u00f1afiel.<\/p>\n<p>La ruta, de dificultad media, tiene una duraci\u00f3n estimada de unas cinco horas y media y una altitud m\u00e1xima de 423 metros. Los interesados en participar podr\u00e1n inscribirse hasta este viernes. El coste es de 6 euros para los socios y 10 para los no socios, mientras que los federados pagar\u00e1n dos euros menos.<\/p>\n<!-- AddThis Advanced Settings generic via filter on the_content --><!-- AddThis Share Buttons generic via filter on the_content -->","protected":false},"excerpt":{"rendered":"<p>Una ruta transfronteriza es la propuesta de la Asociaci\u00f3n Deportiva X\u00e1lima de Moraleja (Ademoxa ) para este domingo. Los participantes realizar\u00e1n un recorrido de unos 20 kil\u00f3metros que les llevar\u00e1 desde la localidad cacere\u00f1a de Zarza la Mayor hasta el municipio luso de Salvaterra do Extremo, pasando por el Castillo de Pe\u00f1afiel. La ruta, de [&hellip;]<!-- AddThis Advanced Settings generic via filter on get_the_excerpt --><!-- AddThis Share Buttons generic via filter on get_the_excerpt --><\/p>\n","protected":false},"author":27,"featured_media":0,"comment_status":"open","ping_status":"closed","sticky":false,"template":"","format":"standard","meta":[],"categories":[4],"tags":[873,1035,1117],"_links":{"self":[{"href":"https:\/\/blogs.hoy.es\/senderosextremadura\/wp-json\/wp\/v2\/posts\/4435"}],"collection":[{"href":"https:\/\/blogs.hoy.es\/senderosextremadura\/wp-json\/wp\/v2\/posts"}],"about":[{"href":"https:\/\/blogs.hoy.es\/senderosextremadura\/wp-json\/wp\/v2\/types\/post"}],"author":[{"embeddable":true,"href":"https:\/\/blogs.hoy.es\/senderosextremadura\/wp-json\/wp\/v2\/users\/27"}],"replies":[{"embeddable":true,"href":"https:\/\/blogs.hoy.es\/senderosextremadura\/wp-json\/wp\/v2\/comments?post=4435"}],"version-history":[{"count":1,"href":"https:\/\/blogs.hoy.es\/senderosextremadura\/wp-json\/wp\/v2\/posts\/4435\/revisions"}],"predecessor-version":[{"id":4436,"href":"https:\/\/blogs.hoy.es\/senderosextremadura\/wp-json\/wp\/v2\/posts\/4435\/revisions\/4436"}],"wp:attachment":[{"href":"https:\/\/blogs.hoy.es\/senderosextremadura\/wp-json\/wp\/v2\/media?parent=4435"}],"wp:term":[{"taxonomy":"category","embeddable":true,"href":"https:\/\/blogs.hoy.es\/senderosextremadura\/wp-json\/wp\/v2\/categories?post=4435"},{"taxonomy":"post_tag","embeddable":true,"href":"https:\/\/blogs.hoy.es\/senderosextremadura\/wp-json\/wp\/v2\/tags?post=4435"}],"curies":[{"name":"wp","href":"https:\/\/api.w.org\/{rel}","templated":true}]}}