{"id":444,"date":"2012-04-24T10:32:26","date_gmt":"2012-04-24T10:32:26","guid":{"rendered":"http:\/\/blogs.hoy.es\/senderosextremadura\/?p=444"},"modified":"2012-04-24T10:32:26","modified_gmt":"2012-04-24T10:32:26","slug":"via-verde-de-la-sierra-el-tren-gaditano-que-nunca-paso","status":"publish","type":"post","link":"https:\/\/blogs.hoy.es\/senderosextremadura\/2012\/04\/24\/via-verde-de-la-sierra-el-tren-gaditano-que-nunca-paso\/","title":{"rendered":"&#039;V\u00eda Verde de la Sierra&#039;, el tren gaditano que nunca pas\u00f3"},"content":{"rendered":"<h2><a href=\"https:\/\/blogs.hoy.es\/senderosextremadura\/2012\/04\/24\/via-verde-de-la-sierra-el-tren-gaditano-que-nunca-paso\/olvera\/\" rel=\"attachment wp-att-445\"><img loading=\"lazy\" class=\"alignright size-large wp-image-445\" title=\"olvera\" src=\"\/senderosextremadura\/wp-content\/uploads\/sites\/22\/2012\/04\/olvera.jpg\" alt=\"\" width=\"478\" height=\"382\" srcset=\"https:\/\/static-blogs.hoy.es\/wp-content\/uploads\/sites\/22\/2012\/04\/olvera.jpg 1280w, https:\/\/static-blogs.hoy.es\/wp-content\/uploads\/sites\/22\/2012\/04\/olvera-300x240.jpg 300w, https:\/\/static-blogs.hoy.es\/wp-content\/uploads\/sites\/22\/2012\/04\/olvera-768x614.jpg 768w, https:\/\/static-blogs.hoy.es\/wp-content\/uploads\/sites\/22\/2012\/04\/olvera-600x480.jpg 600w\" sizes=\"(max-width: 478px) 100vw, 478px\" \/><\/a>El pr\u00f3ximo fin de semana, el Club del Caminante de Badajoz se desplaza hasta la provincia de C\u00e1diz para recorrer la <a href=\"http:\/\/www.viasverdes.com\/ViasVerdes\/Itinerarios\/Andaluc%EDa\/C%E1diz-Sevilla\/V.V.%20de%20la%20Sierra\" target=\"_blank\" rel=\"external nofollow\">V\u00eda Verde de la Sierra<\/a>. Por su trazado nunca pas\u00f3 tren alguno. Discurre durante 36 Kil\u00f3metros al pie de las sierras m\u00e1s meridionales de la pen\u00ednsula ib\u00e9rica, entre los pueblos gaditanos de Puerto Serrano y Olvera.<\/h2>\n<h2>Esta excepcional ruta, que sigue paralela a las orillas de numerosos r\u00edos, pasa por lugares tan espectaculares como el pe\u00f1\u00f3n de Zaframag\u00f3n, una de la reservas de buitres m\u00e1s pobladas de Europa.<\/h2>\n<h2><strong>El funcionamiento de esta l\u00ednea f\u00e9rrea comenz\u00f3 a barajarse a principios del siglo XIX. Bajo los auspicios de la Diputaci\u00f3n Gaditana se dieron los primeros pasos para la creaci\u00f3n de un ferrocarril econ\u00f3mico que dinamizara la comarca de la Sierra. En 1887 se present\u00f3 un anteproyecto que contemplaba una l\u00ednea desde Jerez a Setenil, con un ramal que finalizara en Grazalema<\/strong>.<\/h2>\n<h2>La salida desde Badajoz tendr\u00e1 lugar a las 07:30 desde el ancla. Ya no hay plazas disponibles, como suele ser habitual en este tipo de desplazamientos con pernocta.<\/h2>\n<h2><\/h2>\n<p>M\u00c1S INFORMACI\u00d3N<\/p>\n<p><a href=\"http:\/\/www.clubcaminantebadajoz.com\/\" target=\"_blank\" rel=\"external nofollow\"><strong>Club del Caminante de Badajoz<\/strong><\/a><\/p>\n<!-- AddThis Advanced Settings generic via filter on the_content --><!-- AddThis Share Buttons generic via filter on the_content -->","protected":false},"excerpt":{"rendered":"<p>El pr\u00f3ximo fin de semana, el Club del Caminante de Badajoz se desplaza hasta la provincia de C\u00e1diz para recorrer la V\u00eda Verde de la Sierra. Por su trazado nunca pas\u00f3 tren alguno. Discurre durante 36 Kil\u00f3metros al pie de las sierras m\u00e1s meridionales de la pen\u00ednsula ib\u00e9rica, entre los pueblos gaditanos de Puerto Serrano [&hellip;]<!-- AddThis Advanced Settings generic via filter on get_the_excerpt --><!-- AddThis Share Buttons generic via filter on get_the_excerpt --><\/p>\n","protected":false},"author":27,"featured_media":0,"comment_status":"open","ping_status":"closed","sticky":false,"template":"","format":"standard","meta":[],"categories":[4],"tags":[124,361,970],"_links":{"self":[{"href":"https:\/\/blogs.hoy.es\/senderosextremadura\/wp-json\/wp\/v2\/posts\/444"}],"collection":[{"href":"https:\/\/blogs.hoy.es\/senderosextremadura\/wp-json\/wp\/v2\/posts"}],"about":[{"href":"https:\/\/blogs.hoy.es\/senderosextremadura\/wp-json\/wp\/v2\/types\/post"}],"author":[{"embeddable":true,"href":"https:\/\/blogs.hoy.es\/senderosextremadura\/wp-json\/wp\/v2\/users\/27"}],"replies":[{"embeddable":true,"href":"https:\/\/blogs.hoy.es\/senderosextremadura\/wp-json\/wp\/v2\/comments?post=444"}],"version-history":[{"count":0,"href":"https:\/\/blogs.hoy.es\/senderosextremadura\/wp-json\/wp\/v2\/posts\/444\/revisions"}],"wp:attachment":[{"href":"https:\/\/blogs.hoy.es\/senderosextremadura\/wp-json\/wp\/v2\/media?parent=444"}],"wp:term":[{"taxonomy":"category","embeddable":true,"href":"https:\/\/blogs.hoy.es\/senderosextremadura\/wp-json\/wp\/v2\/categories?post=444"},{"taxonomy":"post_tag","embeddable":true,"href":"https:\/\/blogs.hoy.es\/senderosextremadura\/wp-json\/wp\/v2\/tags?post=444"}],"curies":[{"name":"wp","href":"https:\/\/api.w.org\/{rel}","templated":true}]}}