{"id":4447,"date":"2019-03-13T10:08:09","date_gmt":"2019-03-13T10:08:09","guid":{"rendered":"http:\/\/blogs.hoy.es\/senderosextremadura\/?p=4447"},"modified":"2019-03-13T10:10:49","modified_gmt":"2019-03-13T10:10:49","slug":"v-ruta-del-canchal-negro-de-garganta-la-olla-17-de-marzo","status":"publish","type":"post","link":"https:\/\/blogs.hoy.es\/senderosextremadura\/2019\/03\/13\/v-ruta-del-canchal-negro-de-garganta-la-olla-17-de-marzo\/","title":{"rendered":"V Ruta del Canchal Negro de Garganta la Olla (17 de marzo)"},"content":{"rendered":"<p><strong>Garganta la Olla<\/strong> acoge este domingo 17 de marzo la <strong>V Ruta del Canchal Negro<\/strong>, cuarta prueba del <strong>Circuito Camina Extremadura 2019<\/strong>. Adem\u00e1s de la ruta larga, de 22 kil\u00f3metros y dificultad alta, los organizacores han previsto un recorrido alternativo de menor distancia y dificultad, que no pierde el atractivo pero deja abiertas las posibilidades a un n\u00famero m\u00e1s amplio de senderistas.<\/p>\n<p>La entrega de pulseras ser\u00e1 una hora antes de la salida de cada prueba, que tendr\u00e1 lugar a las 9h para la ruta larga y a las 10 h para la corta.<\/p>\n<p>La caminata comenzar\u00e1 en la plaza de la Garganta la Olla, pasando por varios lugares declarados de inter\u00e9s tur\u00edstico, para adentrarse en el atractivo entorno natural que caracteriza la comarca de La Vera.<br \/>\nSeg\u00fan avanza la ruta, notaremos como se sigue manteniendo una total armon\u00eda natural, la frondosa vegetaci\u00f3n hace de \u00e9sta, una ruta maravillosa.<br \/>\nLa ruta finaliza en la Plaza del Ayuntamiento, donde\u00a0los senderistas disfrutar\u00e1n\u00a0de unas t\u00edpicas\u00a0<strong>migas veratas<\/strong>.<\/p>\n<p>Durante todo el recorrido los participantes ir\u00e1n acompa\u00f1ados por personal de la organizaci\u00f3n y contar\u00e1n con avituallamiento.<\/p>\n<p>M\u00e1s informaci\u00f3n en la <a href=\"http:\/\/fexme.com\/2019\/02\/07\/9723\/\" rel=\"external nofollow\">web de Fexme<\/a>.<\/p>\n<!-- AddThis Advanced Settings generic via filter on the_content --><!-- AddThis Share Buttons generic via filter on the_content -->","protected":false},"excerpt":{"rendered":"<p>Garganta la Olla acoge este domingo 17 de marzo la V Ruta del Canchal Negro, cuarta prueba del Circuito Camina Extremadura 2019. Adem\u00e1s de la ruta larga, de 22 kil\u00f3metros y dificultad alta, los organizacores han previsto un recorrido alternativo de menor distancia y dificultad, que no pierde el atractivo pero deja abiertas las posibilidades [&hellip;]<!-- AddThis Advanced Settings generic via filter on get_the_excerpt --><!-- AddThis Share Buttons generic via filter on get_the_excerpt --><\/p>\n","protected":false},"author":27,"featured_media":4448,"comment_status":"open","ping_status":"closed","sticky":false,"template":"","format":"standard","meta":[],"categories":[4],"tags":[345,848,906],"_links":{"self":[{"href":"https:\/\/blogs.hoy.es\/senderosextremadura\/wp-json\/wp\/v2\/posts\/4447"}],"collection":[{"href":"https:\/\/blogs.hoy.es\/senderosextremadura\/wp-json\/wp\/v2\/posts"}],"about":[{"href":"https:\/\/blogs.hoy.es\/senderosextremadura\/wp-json\/wp\/v2\/types\/post"}],"author":[{"embeddable":true,"href":"https:\/\/blogs.hoy.es\/senderosextremadura\/wp-json\/wp\/v2\/users\/27"}],"replies":[{"embeddable":true,"href":"https:\/\/blogs.hoy.es\/senderosextremadura\/wp-json\/wp\/v2\/comments?post=4447"}],"version-history":[{"count":2,"href":"https:\/\/blogs.hoy.es\/senderosextremadura\/wp-json\/wp\/v2\/posts\/4447\/revisions"}],"predecessor-version":[{"id":4450,"href":"https:\/\/blogs.hoy.es\/senderosextremadura\/wp-json\/wp\/v2\/posts\/4447\/revisions\/4450"}],"wp:featuredmedia":[{"embeddable":true,"href":"https:\/\/blogs.hoy.es\/senderosextremadura\/wp-json\/wp\/v2\/media\/4448"}],"wp:attachment":[{"href":"https:\/\/blogs.hoy.es\/senderosextremadura\/wp-json\/wp\/v2\/media?parent=4447"}],"wp:term":[{"taxonomy":"category","embeddable":true,"href":"https:\/\/blogs.hoy.es\/senderosextremadura\/wp-json\/wp\/v2\/categories?post=4447"},{"taxonomy":"post_tag","embeddable":true,"href":"https:\/\/blogs.hoy.es\/senderosextremadura\/wp-json\/wp\/v2\/tags?post=4447"}],"curies":[{"name":"wp","href":"https:\/\/api.w.org\/{rel}","templated":true}]}}