{"id":4455,"date":"2019-03-18T18:44:38","date_gmt":"2019-03-18T18:44:38","guid":{"rendered":"http:\/\/blogs.hoy.es\/senderosextremadura\/?p=4455"},"modified":"2019-03-18T22:29:11","modified_gmt":"2019-03-18T22:29:11","slug":"ruta-por-cornalvo-para-celebrar-la-llegada-de-la-primavera-23-de-marzo","status":"publish","type":"post","link":"https:\/\/blogs.hoy.es\/senderosextremadura\/2019\/03\/18\/ruta-por-cornalvo-para-celebrar-la-llegada-de-la-primavera-23-de-marzo\/","title":{"rendered":"Ruta por Cornalvo para celebrar la llegada de la primavera (23 de marzo)"},"content":{"rendered":"<div id=\"attachment_4459\" style=\"width: 610px\" class=\"wp-caption aligncenter\"><img aria-describedby=\"caption-attachment-4459\" loading=\"lazy\" class=\"size-large wp-image-4459\" src=\"https:\/\/static-blogs.hoy.es\/wp-content\/uploads\/sites\/22\/2019\/03\/cornalvo-f-600x400.jpg\" alt=\"TFGP.\" width=\"600\" height=\"400\" srcset=\"https:\/\/static-blogs.hoy.es\/wp-content\/uploads\/sites\/22\/2019\/03\/cornalvo-f-600x400.jpg 600w, https:\/\/static-blogs.hoy.es\/wp-content\/uploads\/sites\/22\/2019\/03\/cornalvo-f-300x200.jpg 300w, https:\/\/static-blogs.hoy.es\/wp-content\/uploads\/sites\/22\/2019\/03\/cornalvo-f-768x512.jpg 768w\" sizes=\"(max-width: 600px) 100vw, 600px\" \/><p id=\"caption-attachment-4459\" class=\"wp-caption-text\">TFGP.<\/p><\/div>\n<p>Con la excusa de la celebraci\u00f3n del D\u00eda Mundial Forestal (21 de marzo) y el D\u00eda Mundial del Agua (22 de marzo),\u00a0 el <strong>Parque Natural de Cornalvo<\/strong> organiza el s\u00e1bado 23 de marzo una ruta senderista de 12 kil\u00f3metros. Aprovechando la llegada de la primavera, lo bonito que est\u00e1 el campo y las temperaturas suaves, los participantes podr\u00e1n recorrer los mejores parajes de este enclave natural pr\u00f3ximo a M\u00e9rida. Las inscripciones son gratuitas y se pueden realizar a trav\u00e9s del 924 327400. Hay un m\u00e1ximo de 60 plazas. Los participantes saldr\u00e1n a las 9.30 horas desde el Centro de Interpretaci\u00f3n del Parque Natural de Cornalvo.<\/p>\n<!-- AddThis Advanced Settings generic via filter on the_content --><!-- AddThis Share Buttons generic via filter on the_content -->","protected":false},"excerpt":{"rendered":"<p>Con la excusa de la celebraci\u00f3n del D\u00eda Mundial Forestal (21 de marzo) y el D\u00eda Mundial del Agua (22 de marzo),\u00a0 el Parque Natural de Cornalvo organiza el s\u00e1bado 23 de marzo una ruta senderista de 12 kil\u00f3metros. Aprovechando la llegada de la primavera, lo bonito que est\u00e1 el campo y las temperaturas suaves, [&hellip;]<!-- AddThis Advanced Settings generic via filter on get_the_excerpt --><!-- AddThis Share Buttons generic via filter on get_the_excerpt --><\/p>\n","protected":false},"author":27,"featured_media":0,"comment_status":"open","ping_status":"closed","sticky":false,"template":"","format":"standard","meta":[],"categories":[4],"tags":[240,847,906],"_links":{"self":[{"href":"https:\/\/blogs.hoy.es\/senderosextremadura\/wp-json\/wp\/v2\/posts\/4455"}],"collection":[{"href":"https:\/\/blogs.hoy.es\/senderosextremadura\/wp-json\/wp\/v2\/posts"}],"about":[{"href":"https:\/\/blogs.hoy.es\/senderosextremadura\/wp-json\/wp\/v2\/types\/post"}],"author":[{"embeddable":true,"href":"https:\/\/blogs.hoy.es\/senderosextremadura\/wp-json\/wp\/v2\/users\/27"}],"replies":[{"embeddable":true,"href":"https:\/\/blogs.hoy.es\/senderosextremadura\/wp-json\/wp\/v2\/comments?post=4455"}],"version-history":[{"count":2,"href":"https:\/\/blogs.hoy.es\/senderosextremadura\/wp-json\/wp\/v2\/posts\/4455\/revisions"}],"predecessor-version":[{"id":4460,"href":"https:\/\/blogs.hoy.es\/senderosextremadura\/wp-json\/wp\/v2\/posts\/4455\/revisions\/4460"}],"wp:attachment":[{"href":"https:\/\/blogs.hoy.es\/senderosextremadura\/wp-json\/wp\/v2\/media?parent=4455"}],"wp:term":[{"taxonomy":"category","embeddable":true,"href":"https:\/\/blogs.hoy.es\/senderosextremadura\/wp-json\/wp\/v2\/categories?post=4455"},{"taxonomy":"post_tag","embeddable":true,"href":"https:\/\/blogs.hoy.es\/senderosextremadura\/wp-json\/wp\/v2\/tags?post=4455"}],"curies":[{"name":"wp","href":"https:\/\/api.w.org\/{rel}","templated":true}]}}