{"id":447,"date":"2012-04-24T11:19:41","date_gmt":"2012-04-24T11:19:41","guid":{"rendered":"http:\/\/blogs.hoy.es\/senderosextremadura\/?p=447"},"modified":"2012-04-24T11:19:41","modified_gmt":"2012-04-24T11:19:41","slug":"ruta-de-los-carboneros-del-jerte-al-valle-del-ambroz","status":"publish","type":"post","link":"https:\/\/blogs.hoy.es\/senderosextremadura\/2012\/04\/24\/ruta-de-los-carboneros-del-jerte-al-valle-del-ambroz\/","title":{"rendered":"Ruta de los carboneros, del Jerte al Valle del Ambroz (Galer\u00eda de fotos)"},"content":{"rendered":"<div>\n<div id=\"attachment_448\" style=\"width: 610px\" class=\"wp-caption aligncenter\"><a href=\"http:\/\/www.hoy.es\/multimedia\/fotos\/ultimos\/97457-ruta-carboneros-jerte-valle-ambroz-0.html\" rel=\"external nofollow\"><img aria-describedby=\"caption-attachment-448\" loading=\"lazy\" class=\"size-large wp-image-448\" title=\"ruta-carboneros\" src=\"\/senderosextremadura\/wp-content\/uploads\/sites\/22\/2012\/04\/ruta-carboneros.jpg\" alt=\"\" width=\"600\" height=\"360\" srcset=\"https:\/\/static-blogs.hoy.es\/wp-content\/uploads\/sites\/22\/2012\/04\/ruta-carboneros.jpg 800w, https:\/\/static-blogs.hoy.es\/wp-content\/uploads\/sites\/22\/2012\/04\/ruta-carboneros-300x180.jpg 300w, https:\/\/static-blogs.hoy.es\/wp-content\/uploads\/sites\/22\/2012\/04\/ruta-carboneros-768x462.jpg 768w, https:\/\/static-blogs.hoy.es\/wp-content\/uploads\/sites\/22\/2012\/04\/ruta-carboneros-600x361.jpg 600w\" sizes=\"(max-width: 600px) 100vw, 600px\" \/><\/a><p id=\"caption-attachment-448\" class=\"wp-caption-text\">Galer\u00eda de fotos de la ruta organizada por Geogr\u00e1fica<\/p><\/div>\n<h2>BORJA GARC\u00cdA | Todo comenz\u00f3 en\u00a0 medio de la \u201cV\u201d,\u00a0 jam\u00e1s vista con tanto atractivo,\u00a0 la \u201cV\u201d del Jerte y su valle. <strong>Cabezuela del Valle<\/strong> abri\u00f3 la senda que con extrema dureza se adentr\u00f3 en un bosque atl\u00e1ntico modificado desde anta\u00f1o por hombres cultivadores de la tierra, con \u00e1rboles agraciados con la bendici\u00f3n de poder alimentar al hombre con un azucarado fruto de forma globosa y color rojo intenso. Cerezas inmaduras fueron testigos de nuestros primeros pasitos de colores.<\/h2>\n<h2>Una vez atravesadas las abancaladas laderas de Traslasierra, los Alisos pr\u00f3ximos a la Garganta de las Nogaledas nos regalaban su sombra para frenar el sufrimiento insolador del caminante de la <a href=\"http:\/\/asociaciongeografica.com\/imagenes\/193\/ruta1.htm\" target=\"_blank\" rel=\"external nofollow\"><strong>Asociaci\u00f3n Geogr\u00e1fica<\/strong><\/a>. Poco a poco la pendiente, sin dejar de existir, se suavizaba, hasta que tras un merecido descanso para reponer fuerzas con los almuerzos que cada cual se encarga de preparar en su casa m\u00e1s los que Mari Cruz se encarga de preparar para el deguste de los dem\u00e1s. Los Melojos coronaban el Puerto de Honduras, alcanzando a medio recorrido la cota de 1.432 metros, m\u00e1s de 900 metros de desnivel en los no m\u00e1s de 8 Km recorridos desde el inicio de la traves\u00eda de Los Carboneros.<\/h2>\n<h2><a href=\"http:\/\/www.hoy.es\/multimedia\/fotos\/ultimos\/97457-ruta-carboneros-jerte-valle-ambroz-0.html\" rel=\"external nofollow\"><img loading=\"lazy\" class=\"size-full wp-image-450 alignright\" title=\"CARBONEROS\" src=\"\/senderosextremadura\/wp-content\/uploads\/sites\/22\/2012\/04\/CARBONEROS.jpg\" alt=\"\" width=\"390\" height=\"180\" srcset=\"https:\/\/static-blogs.hoy.es\/wp-content\/uploads\/sites\/22\/2012\/04\/CARBONEROS.jpg 390w, https:\/\/static-blogs.hoy.es\/wp-content\/uploads\/sites\/22\/2012\/04\/CARBONEROS-300x138.jpg 300w\" sizes=\"(max-width: 390px) 100vw, 390px\" \/><\/a>El Puerto de Honduras, para todos aquellos que amamos la orograf\u00eda cahtua, es una cota singular dentro del amplio abanico de puntos importantes de nuestra geograf\u00eda.<\/h2>\n<h2>Puedes haber completado muchos picos menores, incluso picos mayores, pero el Collado de las Yeguas (en la traves\u00eda de Carlos V) y el Puerto de Honduras (en la traves\u00eda de los Carboneros) son dos puntos que no pueden faltar en las piernas del buen senderista extreme\u00f1o.<\/h2>\n<h2>A la ca\u00edda del <strong>Puerto de Honduras<\/strong> la traves\u00eda era mucho m\u00e1s patente que en la ascensi\u00f3n al mismo, todo motivado por un considerable detrimento en la vegetaci\u00f3n de la cara m\u00e1s norte\u00f1a de Traslasierra. Al inicio de la bajada, un conjunto de abedulares protegidos con la categor\u00eda de \u00c1rboles Singulares, se ergu\u00edan exuberantes en la vaguada que formaba la inmensa mole de granito escondida bajo los f\u00e9rtiles suelos de un Gredos camuflado bajo el nombre de Jerte-Ambroz.<\/h2>\n<h2>Una incombustible senda de bajada hasta el t\u00e9rmino municipal de Gargantilla, con suelos empedrados tan solo flanqueados por las aguas procedentes de las zonas m\u00e1s altas de la monta\u00f1a es el bell\u00edsimo recorrido que nos invita a mirar hacia atr\u00e1s, y sentirnos orgullosos de todo lo recorrido, de todo lo contemplado.<\/h2>\n<p><span style=\"font-family: Arial; font-size: x-small;\"><strong>\u00a0<a href=\"http:\/\/www.hoy.es\/multimedia\/fotos\/ultimos\/97457-ruta-carboneros-jerte-valle-ambroz-0.html\" rel=\"external nofollow\">GALER\u00cdA DE FOTOS DE LA RUTA<\/a><\/strong><br \/>\n<\/span><\/p>\n<\/div>\n<!-- AddThis Advanced Settings generic via filter on the_content --><!-- AddThis Share Buttons generic via filter on the_content -->","protected":false},"excerpt":{"rendered":"<p>BORJA GARC\u00cdA | Todo comenz\u00f3 en\u00a0 medio de la \u201cV\u201d,\u00a0 jam\u00e1s vista con tanto atractivo,\u00a0 la \u201cV\u201d del Jerte y su valle. Cabezuela del Valle abri\u00f3 la senda que con extrema dureza se adentr\u00f3 en un bosque atl\u00e1ntico modificado desde anta\u00f1o por hombres cultivadores de la tierra, con \u00e1rboles agraciados con la bendici\u00f3n de poder [&hellip;]<!-- AddThis Advanced Settings generic via filter on get_the_excerpt --><!-- AddThis Share Buttons generic via filter on get_the_excerpt --><\/p>\n","protected":false},"author":27,"featured_media":0,"comment_status":"open","ping_status":"closed","sticky":false,"template":"","format":"standard","meta":[],"categories":[4],"tags":[49,159,162,390,419,666,1058],"_links":{"self":[{"href":"https:\/\/blogs.hoy.es\/senderosextremadura\/wp-json\/wp\/v2\/posts\/447"}],"collection":[{"href":"https:\/\/blogs.hoy.es\/senderosextremadura\/wp-json\/wp\/v2\/posts"}],"about":[{"href":"https:\/\/blogs.hoy.es\/senderosextremadura\/wp-json\/wp\/v2\/types\/post"}],"author":[{"embeddable":true,"href":"https:\/\/blogs.hoy.es\/senderosextremadura\/wp-json\/wp\/v2\/users\/27"}],"replies":[{"embeddable":true,"href":"https:\/\/blogs.hoy.es\/senderosextremadura\/wp-json\/wp\/v2\/comments?post=447"}],"version-history":[{"count":0,"href":"https:\/\/blogs.hoy.es\/senderosextremadura\/wp-json\/wp\/v2\/posts\/447\/revisions"}],"wp:attachment":[{"href":"https:\/\/blogs.hoy.es\/senderosextremadura\/wp-json\/wp\/v2\/media?parent=447"}],"wp:term":[{"taxonomy":"category","embeddable":true,"href":"https:\/\/blogs.hoy.es\/senderosextremadura\/wp-json\/wp\/v2\/categories?post=447"},{"taxonomy":"post_tag","embeddable":true,"href":"https:\/\/blogs.hoy.es\/senderosextremadura\/wp-json\/wp\/v2\/tags?post=447"}],"curies":[{"name":"wp","href":"https:\/\/api.w.org\/{rel}","templated":true}]}}