{"id":451,"date":"2012-04-24T15:30:54","date_gmt":"2012-04-24T15:30:54","guid":{"rendered":"http:\/\/blogs.hoy.es\/senderosextremadura\/?p=451"},"modified":"2012-04-24T15:30:54","modified_gmt":"2012-04-24T15:30:54","slug":"pretura-de-la-hoz-andando-por-herrera-del-duque-29-de-abril","status":"publish","type":"post","link":"https:\/\/blogs.hoy.es\/senderosextremadura\/2012\/04\/24\/pretura-de-la-hoz-andando-por-herrera-del-duque-29-de-abril\/","title":{"rendered":"&#039;Pretura de la Hoz&#039;, andando por Herrera del Duque (29 de abril)"},"content":{"rendered":"<h2><strong><a href=\"https:\/\/blogs.hoy.es\/senderosextremadura\/2012\/04\/24\/pretura-de-la-hoz-andando-por-herrera-del-duque-29-de-abril\/benazaire-2\/\" rel=\"attachment wp-att-455\"><img loading=\"lazy\" class=\"aligncenter size-large wp-image-455\" title=\"benazaire\" src=\"\/senderosextremadura\/wp-content\/uploads\/sites\/22\/2012\/04\/benazaire1.jpg\" alt=\"\" width=\"600\" height=\"400\" srcset=\"https:\/\/static-blogs.hoy.es\/wp-content\/uploads\/sites\/22\/2012\/04\/benazaire1.jpg 1200w, https:\/\/static-blogs.hoy.es\/wp-content\/uploads\/sites\/22\/2012\/04\/benazaire1-300x200.jpg 300w, https:\/\/static-blogs.hoy.es\/wp-content\/uploads\/sites\/22\/2012\/04\/benazaire1-768x512.jpg 768w, https:\/\/static-blogs.hoy.es\/wp-content\/uploads\/sites\/22\/2012\/04\/benazaire1-600x400.jpg 600w\" sizes=\"(max-width: 600px) 100vw, 600px\" \/><\/a><\/strong><\/h2>\n<h2><strong><a href=\"http:\/\/herreradelduque.com\/actualidad\/Ampliada.php?CLAVE=2726\" target=\"_blank\" rel=\"external nofollow\">Herrera del Duque<\/a>, en la Siberia extreme\u00f1a,<\/strong> acoge el pr\u00f3ximo domingo d\u00eda 29 una ruta de senderismo con el agua y el <strong>arroyo Benazaire<\/strong> como protagonistas. El recorrido previsto consta de <strong>7 kil\u00f3metros<\/strong> de escasa dificultad. La salida se realizar\u00e1 desde la Casa del Cubo.<br \/>\nLa ruta &#8216;Pretura de la Hoz&#8217; sigue el curso del arroyo Benazaire, con paradas en puntos de especial relevancia h\u00eddrica como el <strong>molino de Ca\u00f1amoj\u00e1<\/strong>, que fue utilizado por los habitantes de esta zona hasta hace unos treinta a\u00f1os.<br \/>\nLos participantes en la actividad tendr\u00e1n la oportunidad de observar algunas ruinas hist\u00f3ricas y disfrutar de la vegetaci\u00f3n densa de encinas, alcornoques, chopos, alisos y fresnos que rodean el camino.<br \/>\nLos gu\u00edas interpretar\u00e1n la historia, flora y fauna de todo el camino, y se ha previsto la entrega de avituallamiento y obsequios para los cien primeros inscritos.<br \/>\nLos interesados deben apuntarse de forma gratuita en el correo electr\u00f3nico<strong> <a href=\"mailto:promedio@dip-badajoz.es\">promedio@dip-badajoz.es<\/a><\/strong> o en los tel\u00e9fonos 924212519 y 696122594.<\/h2>\n<h2><a href=\"https:\/\/blogs.hoy.es\/senderosextremadura\/2012\/04\/24\/pretura-de-la-hoz-andando-por-herrera-del-duque-29-de-abril\/cartel-dia-de-la-comarca\/\" rel=\"attachment wp-att-454\"><img loading=\"lazy\" class=\"alignright size-large wp-image-454\" title=\"CARTEL DIA DE LA COMARCA\" src=\"\/senderosextremadura\/wp-content\/uploads\/sites\/22\/2012\/04\/CARTEL-DIA-DE-LA-COMARCA-.jpg\" alt=\"\" width=\"441\" height=\"621\" \/><\/a>Esta actividad est\u00e1 cofinanciada por la <strong>Diputaci\u00f3n de Badajoz<\/strong> y el<strong> Fondo Europeo de Desarrollo Regional<\/strong> (FEDER), dentro del proyecto EFICARES y de las actividades conmemorativas del D\u00eda Mundial del Agua, celebrado el pasado 22 de marzo.<\/h2>\n<h2><span style=\"text-decoration: underline;\"><strong>Puerto Pe\u00f1a acoge el mismo domingo &#8216;La fiesta de la jara en flor&#8217;<\/strong><\/span><\/h2>\n<h2>El mismo d\u00eda se celebra el <strong>D\u00eda de la comarca <em>de La Siberia con &#8220;La fiesta de la jara en flor&#8221;<\/em><\/strong>,\u00a0un d\u00eda en el que todos los pueblos de la comarca se reunen para disfrutar de un\u00a0buen dia de primavera, este a\u00f1o\u00a0ser\u00e1 en\u00a0 Puerto Pe\u00f1a. <a href=\"http:\/\/herreradelduque.com\/actualidad\/Ampliada.php?CLAVE=2726\" target=\"_blank\" rel=\"external nofollow\">Consulta el programa<\/a>.<\/h2>\n<p>&nbsp;<\/p>\n<p>&nbsp;<\/p>\n<!-- AddThis Advanced Settings generic via filter on the_content --><!-- AddThis Share Buttons generic via filter on the_content -->","protected":false},"excerpt":{"rendered":"<p>Herrera del Duque, en la Siberia extreme\u00f1a, acoge el pr\u00f3ximo domingo d\u00eda 29 una ruta de senderismo con el agua y el arroyo Benazaire como protagonistas. El recorrido previsto consta de 7 kil\u00f3metros de escasa dificultad. La salida se realizar\u00e1 desde la Casa del Cubo. La ruta &#8216;Pretura de la Hoz&#8217; sigue el curso del [&hellip;]<!-- AddThis Advanced Settings generic via filter on get_the_excerpt --><!-- AddThis Share Buttons generic via filter on get_the_excerpt --><\/p>\n","protected":false},"author":27,"featured_media":0,"comment_status":"open","ping_status":"closed","sticky":false,"template":"","format":"standard","meta":[],"categories":[4],"tags":[86,99,149,269,301,380,962,968],"_links":{"self":[{"href":"https:\/\/blogs.hoy.es\/senderosextremadura\/wp-json\/wp\/v2\/posts\/451"}],"collection":[{"href":"https:\/\/blogs.hoy.es\/senderosextremadura\/wp-json\/wp\/v2\/posts"}],"about":[{"href":"https:\/\/blogs.hoy.es\/senderosextremadura\/wp-json\/wp\/v2\/types\/post"}],"author":[{"embeddable":true,"href":"https:\/\/blogs.hoy.es\/senderosextremadura\/wp-json\/wp\/v2\/users\/27"}],"replies":[{"embeddable":true,"href":"https:\/\/blogs.hoy.es\/senderosextremadura\/wp-json\/wp\/v2\/comments?post=451"}],"version-history":[{"count":0,"href":"https:\/\/blogs.hoy.es\/senderosextremadura\/wp-json\/wp\/v2\/posts\/451\/revisions"}],"wp:attachment":[{"href":"https:\/\/blogs.hoy.es\/senderosextremadura\/wp-json\/wp\/v2\/media?parent=451"}],"wp:term":[{"taxonomy":"category","embeddable":true,"href":"https:\/\/blogs.hoy.es\/senderosextremadura\/wp-json\/wp\/v2\/categories?post=451"},{"taxonomy":"post_tag","embeddable":true,"href":"https:\/\/blogs.hoy.es\/senderosextremadura\/wp-json\/wp\/v2\/tags?post=451"}],"curies":[{"name":"wp","href":"https:\/\/api.w.org\/{rel}","templated":true}]}}