{"id":456,"date":"2012-04-25T18:49:33","date_gmt":"2012-04-25T18:49:33","guid":{"rendered":"http:\/\/blogs.hoy.es\/senderosextremadura\/?p=456"},"modified":"2012-04-25T18:49:33","modified_gmt":"2012-04-25T18:49:33","slug":"almojarin-recorre-la-sierra-de-gata-29-de-abril","status":"publish","type":"post","link":"https:\/\/blogs.hoy.es\/senderosextremadura\/2012\/04\/25\/almojarin-recorre-la-sierra-de-gata-29-de-abril\/","title":{"rendered":"&#039;Almojar\u00edn&#039; recorre la Sierra de Gata (29 de abril)"},"content":{"rendered":"<p><span style=\"font-size: large;\"><a href=\"https:\/\/blogs.hoy.es\/senderosextremadura\/2012\/04\/25\/almojarin-recorre-la-sierra-de-gata-29-de-abril\/olympus-digital-camera-19\/\" rel=\"attachment wp-att-458\"><img loading=\"lazy\" class=\"aligncenter size-large wp-image-458\" title=\"OLYMPUS DIGITAL CAMERA\" src=\"\/senderosextremadura\/wp-content\/uploads\/sites\/22\/2012\/04\/sende.jpg\" alt=\"\" width=\"600\" height=\"499\" srcset=\"https:\/\/static-blogs.hoy.es\/wp-content\/uploads\/sites\/22\/2012\/04\/sende.jpg 2766w, https:\/\/static-blogs.hoy.es\/wp-content\/uploads\/sites\/22\/2012\/04\/sende-300x250.jpg 300w, https:\/\/static-blogs.hoy.es\/wp-content\/uploads\/sites\/22\/2012\/04\/sende-768x640.jpg 768w, https:\/\/static-blogs.hoy.es\/wp-content\/uploads\/sites\/22\/2012\/04\/sende-600x500.jpg 600w\" sizes=\"(max-width: 600px) 100vw, 600px\" \/><\/a><\/span><\/p>\n<p><span style=\"font-size: large;\">La <strong><a href=\"http:\/\/www.facebook.com\/profile.php?id=100002163031821\" target=\"_blank\" rel=\"external nofollow\">Asociaci\u00f3n Senderista Almojar\u00edn<\/a><\/strong> realizar\u00e1 este domingo 29 de abril una ruta senderista por la siempre hermosa <strong>Sierra de Gata<\/strong>, en el norte de la provincia de C\u00e1ceres. Los caminantes saldr\u00e1n a las 6.30 de la ma\u00f1ana desde la localidad de Almohar\u00edn, desde la la zona de la Vega. El precio de desplazamiento es de 12 euros para los socios y 15 para los no socios. Hay que ingresar el dinero en Banca Pueyo antes del jueves 26. El m\u00ednimo de caminantes que participe ser\u00e1 de 30 personas.<\/span><\/p>\n<!-- AddThis Advanced Settings generic via filter on the_content --><!-- AddThis Share Buttons generic via filter on the_content -->","protected":false},"excerpt":{"rendered":"<p>La Asociaci\u00f3n Senderista Almojar\u00edn realizar\u00e1 este domingo 29 de abril una ruta senderista por la siempre hermosa Sierra de Gata, en el norte de la provincia de C\u00e1ceres. Los caminantes saldr\u00e1n a las 6.30 de la ma\u00f1ana desde la localidad de Almohar\u00edn, desde la la zona de la Vega. El precio de desplazamiento es de [&hellip;]<!-- AddThis Advanced Settings generic via filter on get_the_excerpt --><!-- AddThis Share Buttons generic via filter on get_the_excerpt --><\/p>\n","protected":false},"author":27,"featured_media":0,"comment_status":"open","ping_status":"closed","sticky":false,"template":"","format":"standard","meta":[],"categories":[4],"tags":[121,301,348,784,906,970],"_links":{"self":[{"href":"https:\/\/blogs.hoy.es\/senderosextremadura\/wp-json\/wp\/v2\/posts\/456"}],"collection":[{"href":"https:\/\/blogs.hoy.es\/senderosextremadura\/wp-json\/wp\/v2\/posts"}],"about":[{"href":"https:\/\/blogs.hoy.es\/senderosextremadura\/wp-json\/wp\/v2\/types\/post"}],"author":[{"embeddable":true,"href":"https:\/\/blogs.hoy.es\/senderosextremadura\/wp-json\/wp\/v2\/users\/27"}],"replies":[{"embeddable":true,"href":"https:\/\/blogs.hoy.es\/senderosextremadura\/wp-json\/wp\/v2\/comments?post=456"}],"version-history":[{"count":0,"href":"https:\/\/blogs.hoy.es\/senderosextremadura\/wp-json\/wp\/v2\/posts\/456\/revisions"}],"wp:attachment":[{"href":"https:\/\/blogs.hoy.es\/senderosextremadura\/wp-json\/wp\/v2\/media?parent=456"}],"wp:term":[{"taxonomy":"category","embeddable":true,"href":"https:\/\/blogs.hoy.es\/senderosextremadura\/wp-json\/wp\/v2\/categories?post=456"},{"taxonomy":"post_tag","embeddable":true,"href":"https:\/\/blogs.hoy.es\/senderosextremadura\/wp-json\/wp\/v2\/tags?post=456"}],"curies":[{"name":"wp","href":"https:\/\/api.w.org\/{rel}","templated":true}]}}