{"id":459,"date":"2012-04-26T09:30:58","date_gmt":"2012-04-26T09:30:58","guid":{"rendered":"http:\/\/blogs.hoy.es\/senderosextremadura\/?p=459"},"modified":"2012-04-26T09:30:58","modified_gmt":"2012-04-26T09:30:58","slug":"10-rutas-senderistas-para-el-puente-de-mayo","status":"publish","type":"post","link":"https:\/\/blogs.hoy.es\/senderosextremadura\/2012\/04\/26\/10-rutas-senderistas-para-el-puente-de-mayo\/","title":{"rendered":"10 rutas senderistas para este puente de mayo"},"content":{"rendered":"<div id=\"attachment_460\" style=\"width: 610px\" class=\"wp-caption aligncenter\"><a href=\"https:\/\/blogs.hoy.es\/senderosextremadura\/2012\/04\/26\/10-rutas-senderistas-para-el-puente-de-mayo\/jerte-4\/\" rel=\"attachment wp-att-460\"><img aria-describedby=\"caption-attachment-460\" loading=\"lazy\" class=\"size-large wp-image-460\" title=\"\" src=\"\/senderosextremadura\/wp-content\/uploads\/sites\/22\/2012\/04\/jerte1.jpg\" alt=\"\" width=\"600\" height=\"399\" srcset=\"https:\/\/static-blogs.hoy.es\/wp-content\/uploads\/sites\/22\/2012\/04\/jerte1.jpg 800w, https:\/\/static-blogs.hoy.es\/wp-content\/uploads\/sites\/22\/2012\/04\/jerte1-300x200.jpg 300w, https:\/\/static-blogs.hoy.es\/wp-content\/uploads\/sites\/22\/2012\/04\/jerte1-768x512.jpg 768w, https:\/\/static-blogs.hoy.es\/wp-content\/uploads\/sites\/22\/2012\/04\/jerte1-600x400.jpg 600w\" sizes=\"(max-width: 600px) 100vw, 600px\" \/><\/a><p id=\"caption-attachment-460\" class=\"wp-caption-text\">Ruta por el Valle del Jerte<\/p><\/div>\n<p><span style=\"font-size: medium;\">Este <strong>puente de mayo<\/strong> se presenta como uno de los m\u00e1s intensos en cuanto a actividad senderista en <strong>Extremadura<\/strong>. A pesar de las <strong>previsiones de lluvia<\/strong>, la mayor\u00eda de los caminantes no se arredrar\u00e1n ante el mal tiempo y saldr\u00e1n al campo pertrechados con su chubasquero y las botas de Goretex. Aprovechamos este post para recopilar todas las rutas que hemos ido proponiendo en los \u00faltimos d\u00edas. Algunas de ellas gozan de gran tradici\u00f3n entre los senderistas extreme\u00f1os, como la ruta del Rey Jay\u00f3n en <strong>Llerena<\/strong>, la Ruta Templaria que sale desde <strong>Jerez de los Caballeros<\/strong> o la Fiesta de la Trashumancia en <strong>Villar del Rey<\/strong>. \u00a1Andando!<\/span><\/p>\n<p><span style=\"font-size: medium;\"><a href=\"https:\/\/blogs.hoy.es\/senderosextremadura\/2012\/04\/18\/la-ruta-del-rey-jayon-auna-patrimonio-y-paisaje-29-de-abril\/\"><strong>La ruta del rey Jay\u00f3n a\u00fana patrimonio y paisaje (29 de abril)<\/strong><\/a><\/span><\/p>\n<p><span style=\"font-size: medium;\"><a href=\"https:\/\/blogs.hoy.es\/senderosextremadura\/2012\/04\/18\/villar-del-rey-acoge-la-xi-fiesta-de-la-trashumancia-28-y-29-de-abril\/\"><strong>Villar del Rey acoge la XI Fiesta de la Trashumancia (28 y 29 de abril)<\/strong><\/a><\/span><\/p>\n<p><span style=\"font-size: medium;\"><a href=\" https:\/\/blogs.hoy.es\/senderosextremadura\/2012\/03\/30\/iv-ruta-templaria-por-jerez-de-los-caballeros-1-de-mayo\/\"><strong>IV Ruta Templaria por Jerez de los Caballeros (1 de mayo)<\/strong><\/a><\/span><\/p>\n<p><span style=\"font-size: medium;\"><a href=\"https:\/\/blogs.hoy.es\/senderosextremadura\/2012\/04\/24\/pretura-de-la-hoz-andando-por-herrera-del-duque-29-de-abril\/\"><strong>\u2018Pretura de la Hoz\u2019, andando por Herrera del Duque (29 de abril)<\/strong><\/a><\/span><\/p>\n<p><span style=\"font-size: medium;\"><a href=\"https:\/\/blogs.hoy.es\/senderosextremadura\/2012\/04\/25\/almojarin-recorre-la-sierra-de-gata-29-de-abril\/\"><strong>\u2018Almojar\u00edn\u2019 recorre la Sierra de Gata (29 de abril)<\/strong><\/a><\/span><\/p>\n<p><span style=\"font-size: medium;\"><a href=\"https:\/\/blogs.hoy.es\/senderosextremadura\/2012\/04\/24\/montaneros-de-monfrague-se-marcha-a-portugal-28-de-abril\/\"><strong>Monta\u00f1eros de Monfrag\u00fce se marcha a Portugal (28 de abril)<\/strong><\/a><\/span><\/p>\n<p><span style=\"font-size: medium;\"><a href=\"https:\/\/blogs.hoy.es\/senderosextremadura\/2012\/04\/23\/puente-de-mayo-de-senderismo-en-el-jerte\/\"><strong>Puente de mayo de senderismo en el Jerte<\/strong><\/a> con Explorer (27, 28, 29 y 30 Abril y 1 mayo)<\/span><\/p>\n<p><span style=\"font-size: medium;\"><a href=\"https:\/\/blogs.hoy.es\/senderosextremadura\/2012\/04\/18\/los-caminos-del-agua-de-cordobilla-de-lacara-28-de-abril\/\"><strong>Los caminos del agua por Cordobilla de L\u00e1cara (28 de abril)<\/strong><\/a><\/span><\/p>\n<p><span style=\"font-size: medium;\"><a href=\"https:\/\/blogs.hoy.es\/senderosextremadura\/2012\/04\/16\/los-chozos-de-salvaleon-29-de-abril\/\"><strong>\u2018Los chozos\u2019 de Salvale\u00f3n (29 de abril)<\/strong><\/a> <\/span><\/p>\n<p><span style=\"font-size: medium;\"><a href=\"https:\/\/blogs.hoy.es\/senderosextremadura\/2012\/04\/24\/via-verde-de-la-sierra-el-tren-gaditano-que-nunca-paso\/\"><strong>&#8216;V\u00eda Verde de la Sierra\u2019, el tren gaditano que nunca pas\u00f3<\/strong><\/a> (28 y 29 de abril). Actividad programada por el Club del Caminante de Badajoz<br \/>\n<\/span><\/p>\n<!-- AddThis Advanced Settings generic via filter on the_content --><!-- AddThis Share Buttons generic via filter on the_content -->","protected":false},"excerpt":{"rendered":"<p>Este puente de mayo se presenta como uno de los m\u00e1s intensos en cuanto a actividad senderista en Extremadura. A pesar de las previsiones de lluvia, la mayor\u00eda de los caminantes no se arredrar\u00e1n ante el mal tiempo y saldr\u00e1n al campo pertrechados con su chubasquero y las botas de Goretex. Aprovechamos este post para [&hellip;]<!-- AddThis Advanced Settings generic via filter on get_the_excerpt --><!-- AddThis Share Buttons generic via filter on get_the_excerpt --><\/p>\n","protected":false},"author":27,"featured_media":0,"comment_status":"open","ping_status":"closed","sticky":false,"template":"","format":"standard","meta":[],"categories":[4],"tags":[121,206,238,348,380,415,437,650,884,1014],"_links":{"self":[{"href":"https:\/\/blogs.hoy.es\/senderosextremadura\/wp-json\/wp\/v2\/posts\/459"}],"collection":[{"href":"https:\/\/blogs.hoy.es\/senderosextremadura\/wp-json\/wp\/v2\/posts"}],"about":[{"href":"https:\/\/blogs.hoy.es\/senderosextremadura\/wp-json\/wp\/v2\/types\/post"}],"author":[{"embeddable":true,"href":"https:\/\/blogs.hoy.es\/senderosextremadura\/wp-json\/wp\/v2\/users\/27"}],"replies":[{"embeddable":true,"href":"https:\/\/blogs.hoy.es\/senderosextremadura\/wp-json\/wp\/v2\/comments?post=459"}],"version-history":[{"count":0,"href":"https:\/\/blogs.hoy.es\/senderosextremadura\/wp-json\/wp\/v2\/posts\/459\/revisions"}],"wp:attachment":[{"href":"https:\/\/blogs.hoy.es\/senderosextremadura\/wp-json\/wp\/v2\/media?parent=459"}],"wp:term":[{"taxonomy":"category","embeddable":true,"href":"https:\/\/blogs.hoy.es\/senderosextremadura\/wp-json\/wp\/v2\/categories?post=459"},{"taxonomy":"post_tag","embeddable":true,"href":"https:\/\/blogs.hoy.es\/senderosextremadura\/wp-json\/wp\/v2\/tags?post=459"}],"curies":[{"name":"wp","href":"https:\/\/api.w.org\/{rel}","templated":true}]}}