{"id":463,"date":"2012-04-29T20:43:25","date_gmt":"2012-04-29T20:43:25","guid":{"rendered":"http:\/\/blogs.hoy.es\/senderosextremadura\/?p=463"},"modified":"2012-04-29T20:43:25","modified_gmt":"2012-04-29T20:43:25","slug":"el-mal-tiempo-no-estropea-la-ruta-del-rey-jayon","status":"publish","type":"post","link":"https:\/\/blogs.hoy.es\/senderosextremadura\/2012\/04\/29\/el-mal-tiempo-no-estropea-la-ruta-del-rey-jayon\/","title":{"rendered":"El mal tiempo no estropea la Ruta del Rey Jay\u00f3n"},"content":{"rendered":"<p><a href=\"https:\/\/blogs.hoy.es\/senderosextremadura\/2012\/04\/29\/el-mal-tiempo-no-estropea-la-ruta-del-rey-jayon\/olympus-digital-camera-20\/\" rel=\"attachment wp-att-465\"><img loading=\"lazy\" class=\"aligncenter size-large wp-image-465\" title=\"OLYMPUS DIGITAL CAMERA\" src=\"\/senderosextremadura\/wp-content\/uploads\/sites\/22\/2012\/04\/jayon.jpg\" alt=\"\" width=\"600\" height=\"450\" srcset=\"https:\/\/static-blogs.hoy.es\/wp-content\/uploads\/sites\/22\/2012\/04\/jayon.jpg 2560w, https:\/\/static-blogs.hoy.es\/wp-content\/uploads\/sites\/22\/2012\/04\/jayon-300x225.jpg 300w, https:\/\/static-blogs.hoy.es\/wp-content\/uploads\/sites\/22\/2012\/04\/jayon-768x576.jpg 768w, https:\/\/static-blogs.hoy.es\/wp-content\/uploads\/sites\/22\/2012\/04\/jayon-600x450.jpg 600w\" sizes=\"(max-width: 600px) 100vw, 600px\" \/><\/a><\/p>\n<p><span style=\"font-size: medium;\"><strong>ANTONIO MART\u00cdN<\/strong> | Un a\u00f1o m\u00e1s, y ya van doce, tanto principiantes como avezados senderistas han disfrutado en la <strong>Campi\u00f1a Sur<\/strong> de una de las rutas senderistas m\u00e1s emblem\u00e1ticas de la provincia de Badajoz: la<strong> Ruta del Rey Jay\u00f3n<\/strong>.<\/span><\/p>\n<div><span style=\"font-size: medium;\">Aunque deslucida por las inclemencias meteorol\u00f3gicas, ha contado con un importante n\u00famero de participantes, en torno al medio millar, a pesar de que las inscripciones doblaban con creces dicha cifra.<\/span><\/div>\n<div><span style=\"font-size: medium;\">Cada edici\u00f3n concita mayor inter\u00e9s esta ruta que parte de la Mina de la Jayona, pasa por la ermita de la Virgen del Ara, la Alcazaba de Reina, la ciudad Romana de Regina Turdulorum (recientemente reconocida por el Gobierno de Extremadura como Bien de Inter\u00e9s Cultural) y, atravesando las localidades de <strong>Reina y Casas de Reina<\/strong>, finaliza en la majestuosa Plaza de Espa\u00f1a de Llerena.<\/span><\/div>\n<div><span style=\"font-size: medium;\">Prueba de este inter\u00e9s es la cada vez m\u00e1s numerosa participaci\u00f3n de clubes y asociaciones senderistas que incluyen este acontecimiento en sus respectivos calendarios. En esta edici\u00f3n cabe destacar la asistencia de un importante grupo de ciudadanos alemanes que han querido compartir las sensaciones de una ruta singular.<\/span><\/div>\n<div><span style=\"font-size: medium;\">Este evento no se podr\u00eda realizar sin la colaboraci\u00f3n de los ayuntamientos de Fuente del Arco, Reina, Casas de Reina y Llerena, as\u00ed como con el patrocinio del Gobierno de Extremadura, la Diputaci\u00f3n Provincial de Badajoz y diferentes casas comerciales, as\u00ed como de la organizaci\u00f3n por parte de la <strong>&#8216;Asociaci\u00f3n de Senderismo Tomillo y Or\u00e9gano de Llerena<\/strong>&#8216;, en colaboraci\u00f3n con la Oficina de Turismo.<\/span><\/div>\n<div><\/div>\n<div><\/div>\n<div><\/div>\n<div><\/div>\n<div><\/div>\n<div><\/div>\n<div><\/div>\n<div><\/div>\n<div><\/div>\n<div><\/div>\n<div><\/div>\n<div><\/div>\n<div><\/div>\n<div><\/div>\n<div><\/div>\n<div><span style=\"font-size: large;\"><strong>\u00bfHas estado en la ruta? Comparte tus fotos con todos los lectores. M\u00e1ndalas a <a href=\"mailto:senderismoextremadurahoy@gmail.com\">senderismoextremadurahoy@gmail.com<\/a><\/strong><\/span><\/div>\n<!-- AddThis Advanced Settings generic via filter on the_content --><!-- AddThis Share Buttons generic via filter on the_content -->","protected":false},"excerpt":{"rendered":"<p>ANTONIO MART\u00cdN | Un a\u00f1o m\u00e1s, y ya van doce, tanto principiantes como avezados senderistas han disfrutado en la Campi\u00f1a Sur de una de las rutas senderistas m\u00e1s emblem\u00e1ticas de la provincia de Badajoz: la Ruta del Rey Jay\u00f3n. Aunque deslucida por las inclemencias meteorol\u00f3gicas, ha contado con un importante n\u00famero de participantes, en torno [&hellip;]<!-- AddThis Advanced Settings generic via filter on get_the_excerpt --><!-- AddThis Share Buttons generic via filter on get_the_excerpt --><\/p>\n","protected":false},"author":27,"featured_media":0,"comment_status":"open","ping_status":"closed","sticky":false,"template":"","format":"standard","meta":[],"categories":[3],"tags":[86,142,453,688,713,1003,1039],"_links":{"self":[{"href":"https:\/\/blogs.hoy.es\/senderosextremadura\/wp-json\/wp\/v2\/posts\/463"}],"collection":[{"href":"https:\/\/blogs.hoy.es\/senderosextremadura\/wp-json\/wp\/v2\/posts"}],"about":[{"href":"https:\/\/blogs.hoy.es\/senderosextremadura\/wp-json\/wp\/v2\/types\/post"}],"author":[{"embeddable":true,"href":"https:\/\/blogs.hoy.es\/senderosextremadura\/wp-json\/wp\/v2\/users\/27"}],"replies":[{"embeddable":true,"href":"https:\/\/blogs.hoy.es\/senderosextremadura\/wp-json\/wp\/v2\/comments?post=463"}],"version-history":[{"count":0,"href":"https:\/\/blogs.hoy.es\/senderosextremadura\/wp-json\/wp\/v2\/posts\/463\/revisions"}],"wp:attachment":[{"href":"https:\/\/blogs.hoy.es\/senderosextremadura\/wp-json\/wp\/v2\/media?parent=463"}],"wp:term":[{"taxonomy":"category","embeddable":true,"href":"https:\/\/blogs.hoy.es\/senderosextremadura\/wp-json\/wp\/v2\/categories?post=463"},{"taxonomy":"post_tag","embeddable":true,"href":"https:\/\/blogs.hoy.es\/senderosextremadura\/wp-json\/wp\/v2\/tags?post=463"}],"curies":[{"name":"wp","href":"https:\/\/api.w.org\/{rel}","templated":true}]}}