{"id":467,"date":"2012-05-02T21:06:02","date_gmt":"2012-05-02T21:06:02","guid":{"rendered":"http:\/\/blogs.hoy.es\/senderosextremadura\/?p=467"},"modified":"2012-05-02T21:06:02","modified_gmt":"2012-05-02T21:06:02","slug":"467","status":"publish","type":"post","link":"https:\/\/blogs.hoy.es\/senderosextremadura\/2012\/05\/02\/467\/","title":{"rendered":"Ruta de Alfonso XI (6 de mayo)"},"content":{"rendered":"<p><span style=\"font-size: medium;\"><a href=\"https:\/\/blogs.hoy.es\/senderosextremadura\/2012\/05\/02\/467\/alfonso\/\" rel=\"attachment wp-att-468\"><img loading=\"lazy\" class=\"aligncenter size-full wp-image-468\" title=\"alfonso\" src=\"\/senderosextremadura\/wp-content\/uploads\/sites\/22\/2012\/05\/alfonso.jpg\" alt=\"\" width=\"600\" height=\"450\" srcset=\"https:\/\/static-blogs.hoy.es\/wp-content\/uploads\/sites\/22\/2012\/05\/alfonso.jpg 600w, https:\/\/static-blogs.hoy.es\/wp-content\/uploads\/sites\/22\/2012\/05\/alfonso-300x225.jpg 300w\" sizes=\"(max-width: 600px) 100vw, 600px\" \/><\/a><\/span><\/p>\n<p>&nbsp;<\/p>\n<p><span style=\"font-size: medium;\">La <strong>Asociaci\u00f3n Geogr\u00e1fica<\/strong> realizar\u00e1 el pr\u00f3ximo domingo 6 de mayo la <strong>ruta de Alfonso XI, fundador de Guadalupe<\/strong>. De dificultad moderada y recorrido lineal, el trazado de 15 kil\u00f3metros adentra al caminante en los parajes de las sierras de Guadalupe y sus alrededores, en aquellos caminos donde el rey Alfoso Onceno pas\u00f3 grandes ratos.\u00a0<\/span><span style=\"font-size: medium;\">Prueba de ello son estas palabras escritas en su libro\u00a0<em><strong>La Monter\u00eda<\/strong> de 1345<\/em>:\u00a0<\/span><\/p>\n<p><span style=\"font-size: medium;\"><em>\u201cEl valle de Vieja es buen monte de oso en ivierno. Et son las vocer\u00edas, la una por la cumbre de la sierra que es cantante al Valle de Vieja desde el collado de cima fasta en derecho de la Majada del Helechar; et la otra por la cumbre de la sierra que es cantante \u00e0 Roturas desde Collado por cima de la cumbre fasta cima de la Gargantiella de Juanes Domingo. Et son las armadas en esta Majada del Madro\u00f1o, et otra en la Majada del Helechar. Et que est\u00e9n renuevos de canes en los Riscos, et sobre la Texeda, porque es el monte grande Et la primera vez que corrimos este monte, fallamos h\u00ed diez osos, et soltamos a los seis et murieron los cuatro. Et\u00a0en la Garganta de Vieja hay otro monte que dicen el Campanario et el Palancar de las Cuevas de Viejas, et el Escorial, et el arroyo de Majadas Viejasde, et el arroyo de la Hoya de Vieja hasta los molinos\u2026 Et son las vocer\u00edas, la una desde cima de collado Llano por cima de la cumbre de la Sierra de Vieja, hasta el arroyo de Majadas Viejas\u2026. Et son las armadas\u2026a los Xaralejos de Vieja\u2026et las otras a la boca de Vieja\u201d.<\/em><\/span><\/p>\n<p><span style=\"font-size: medium;\">Las personas que se inscriban en la ruta de Geogr\u00e1fica saldr\u00e1n a las ocho de la ma\u00f1ana de la Plaza de la Libertad. El desplazamiento incluye trayecto de ida y vuelta, adem\u00e1s de monitores titulados. El precio de inscripci\u00f3n son <\/span><span style=\"font-size: medium;\">20 euros.<\/span><\/p>\n<p><span style=\"font-size: medium;\">M\u00e1s informaci\u00f3n en 924278551 o <a href=\"mailto:infogeografica@gmail.com\">infogeografica@gmail.com<\/a><\/span><\/p>\n<!-- AddThis Advanced Settings generic via filter on the_content --><!-- AddThis Share Buttons generic via filter on the_content -->","protected":false},"excerpt":{"rendered":"<p>&nbsp; La Asociaci\u00f3n Geogr\u00e1fica realizar\u00e1 el pr\u00f3ximo domingo 6 de mayo la ruta de Alfonso XI, fundador de Guadalupe. De dificultad moderada y recorrido lineal, el trazado de 15 kil\u00f3metros adentra al caminante en los parajes de las sierras de Guadalupe y sus alrededores, en aquellos caminos donde el rey Alfoso Onceno pas\u00f3 grandes ratos.\u00a0Prueba [&hellip;]<!-- AddThis Advanced Settings generic via filter on get_the_excerpt --><!-- AddThis Share Buttons generic via filter on get_the_excerpt --><\/p>\n","protected":false},"author":27,"featured_media":0,"comment_status":"open","ping_status":"closed","sticky":false,"template":"","format":"standard","meta":[],"categories":[4],"tags":[14,29,121,349,371],"_links":{"self":[{"href":"https:\/\/blogs.hoy.es\/senderosextremadura\/wp-json\/wp\/v2\/posts\/467"}],"collection":[{"href":"https:\/\/blogs.hoy.es\/senderosextremadura\/wp-json\/wp\/v2\/posts"}],"about":[{"href":"https:\/\/blogs.hoy.es\/senderosextremadura\/wp-json\/wp\/v2\/types\/post"}],"author":[{"embeddable":true,"href":"https:\/\/blogs.hoy.es\/senderosextremadura\/wp-json\/wp\/v2\/users\/27"}],"replies":[{"embeddable":true,"href":"https:\/\/blogs.hoy.es\/senderosextremadura\/wp-json\/wp\/v2\/comments?post=467"}],"version-history":[{"count":0,"href":"https:\/\/blogs.hoy.es\/senderosextremadura\/wp-json\/wp\/v2\/posts\/467\/revisions"}],"wp:attachment":[{"href":"https:\/\/blogs.hoy.es\/senderosextremadura\/wp-json\/wp\/v2\/media?parent=467"}],"wp:term":[{"taxonomy":"category","embeddable":true,"href":"https:\/\/blogs.hoy.es\/senderosextremadura\/wp-json\/wp\/v2\/categories?post=467"},{"taxonomy":"post_tag","embeddable":true,"href":"https:\/\/blogs.hoy.es\/senderosextremadura\/wp-json\/wp\/v2\/tags?post=467"}],"curies":[{"name":"wp","href":"https:\/\/api.w.org\/{rel}","templated":true}]}}