{"id":470,"date":"2012-05-02T21:28:52","date_gmt":"2012-05-02T21:28:52","guid":{"rendered":"http:\/\/blogs.hoy.es\/senderosextremadura\/?p=470"},"modified":"2012-05-02T21:28:52","modified_gmt":"2012-05-02T21:28:52","slug":"por-las-gargantas-del-valle-del-jerte-6-de-mayo","status":"publish","type":"post","link":"https:\/\/blogs.hoy.es\/senderosextremadura\/2012\/05\/02\/por-las-gargantas-del-valle-del-jerte-6-de-mayo\/","title":{"rendered":"Por las gargantas del Valle del Jerte (6 de mayo)"},"content":{"rendered":"<p><a href=\"https:\/\/blogs.hoy.es\/senderosextremadura\/2012\/05\/02\/por-las-gargantas-del-valle-del-jerte-6-de-mayo\/gargantas\/\" rel=\"attachment wp-att-471\"><img loading=\"lazy\" class=\"aligncenter size-full wp-image-471\" title=\"gargantas\" src=\"\/senderosextremadura\/wp-content\/uploads\/sites\/22\/2012\/05\/gargantas.jpg\" alt=\"\" width=\"600\" height=\"450\" srcset=\"https:\/\/static-blogs.hoy.es\/wp-content\/uploads\/sites\/22\/2012\/05\/gargantas.jpg 600w, https:\/\/static-blogs.hoy.es\/wp-content\/uploads\/sites\/22\/2012\/05\/gargantas-300x225.jpg 300w\" sizes=\"(max-width: 600px) 100vw, 600px\" \/><\/a><\/p>\n<p style=\"text-align: left;\"><span style=\"font-size: medium;\"><strong>Monta\u00f1eros de Monfrag\u00fce<\/strong> sigue con su atractivo programa de rutas senderistas, m\u00e1s apetecible si cabe en primavera. Las aguas del deshielo recorren estos d\u00edas las cascadas y gargantas del norte cacere\u00f1o. Siguiendo su cauce, este domingo 6 de mayo la Asociaci\u00f3n realizar\u00e1 un recorrido por las gargantas del <strong>Valle del Jerte<\/strong>. La marcha circular atraviesa el <strong>Puerto de Tornavacas<\/strong>, la garganta de San Mart\u00edn, la Angostura, Garganta de los <strong>Asperones<\/strong> y Jerte.\u00a0El nivel de dificultad es alto. Se se recorrer\u00e1n 24 kil\u00f3metros con unos 1.100 metros de ascensi\u00f3n.<\/span><\/p>\n<p style=\"text-align: left;\"><span style=\"font-size: medium;\">Los caminantes saldr\u00e1n a las siete de la ma\u00f1ana en autob\u00fas del aparcamiento de la plaza <strong>Obispo Galarza de C\u00e1ceres<\/strong>. Se recomienda llevar ropa de abrigo, gorra, chubasquero, bastones.\u00a0<\/span><\/p>\n<p style=\"text-align: left;\">M\u00c1S INFORMACI\u00d3N<\/p>\n<p style=\"text-align: left;\"><a href=\"http:\/\/montanerosmonfrague.es\/actividades.html\" target=\"_blank\" rel=\"external nofollow\"><strong>Monta\u00f1eros de Monfrag\u00fce<\/strong><\/a><\/p>\n<p><strong><br \/>\n<\/strong><\/p>\n<p>&nbsp;<\/p>\n<p>&nbsp;<\/p>\n<!-- AddThis Advanced Settings generic via filter on the_content --><!-- AddThis Share Buttons generic via filter on the_content -->","protected":false},"excerpt":{"rendered":"<p>Monta\u00f1eros de Monfrag\u00fce sigue con su atractivo programa de rutas senderistas, m\u00e1s apetecible si cabe en primavera. Las aguas del deshielo recorren estos d\u00edas las cascadas y gargantas del norte cacere\u00f1o. Siguiendo su cauce, este domingo 6 de mayo la Asociaci\u00f3n realizar\u00e1 un recorrido por las gargantas del Valle del Jerte. La marcha circular atraviesa [&hellip;]<!-- AddThis Advanced Settings generic via filter on get_the_excerpt --><!-- AddThis Share Buttons generic via filter on get_the_excerpt --><\/p>\n","protected":false},"author":27,"featured_media":0,"comment_status":"open","ping_status":"closed","sticky":false,"template":"","format":"standard","meta":[],"categories":[4],"tags":[121,419,524,792,906],"_links":{"self":[{"href":"https:\/\/blogs.hoy.es\/senderosextremadura\/wp-json\/wp\/v2\/posts\/470"}],"collection":[{"href":"https:\/\/blogs.hoy.es\/senderosextremadura\/wp-json\/wp\/v2\/posts"}],"about":[{"href":"https:\/\/blogs.hoy.es\/senderosextremadura\/wp-json\/wp\/v2\/types\/post"}],"author":[{"embeddable":true,"href":"https:\/\/blogs.hoy.es\/senderosextremadura\/wp-json\/wp\/v2\/users\/27"}],"replies":[{"embeddable":true,"href":"https:\/\/blogs.hoy.es\/senderosextremadura\/wp-json\/wp\/v2\/comments?post=470"}],"version-history":[{"count":0,"href":"https:\/\/blogs.hoy.es\/senderosextremadura\/wp-json\/wp\/v2\/posts\/470\/revisions"}],"wp:attachment":[{"href":"https:\/\/blogs.hoy.es\/senderosextremadura\/wp-json\/wp\/v2\/media?parent=470"}],"wp:term":[{"taxonomy":"category","embeddable":true,"href":"https:\/\/blogs.hoy.es\/senderosextremadura\/wp-json\/wp\/v2\/categories?post=470"},{"taxonomy":"post_tag","embeddable":true,"href":"https:\/\/blogs.hoy.es\/senderosextremadura\/wp-json\/wp\/v2\/tags?post=470"}],"curies":[{"name":"wp","href":"https:\/\/api.w.org\/{rel}","templated":true}]}}