{"id":474,"date":"2012-05-03T07:49:40","date_gmt":"2012-05-03T07:49:40","guid":{"rendered":"http:\/\/blogs.hoy.es\/senderosextremadura\/?p=474"},"modified":"2012-05-03T07:49:40","modified_gmt":"2012-05-03T07:49:40","slug":"600-senderistas-participaron-en-la-iv-ruta-templaria-por-jerez","status":"publish","type":"post","link":"https:\/\/blogs.hoy.es\/senderosextremadura\/2012\/05\/03\/600-senderistas-participaron-en-la-iv-ruta-templaria-por-jerez\/","title":{"rendered":"600 senderistas participaron en la IV Ruta Templaria por Jerez"},"content":{"rendered":"<p>PAULA D\u00cdAZ |\u00a0 <a href=\"https:\/\/blogs.hoy.es\/senderosextremadura\/2012\/05\/03\/600-senderistas-participaron-en-la-iv-ruta-templaria-por-jerez\/senderos-2\/\" rel=\"attachment wp-att-475\"><img loading=\"lazy\" class=\"alignright size-large wp-image-475\" title=\"senderos\" src=\"\/senderosextremadura\/wp-content\/uploads\/sites\/22\/2012\/05\/senderos.jpg\" alt=\"\" width=\"451\" height=\"676\" srcset=\"https:\/\/static-blogs.hoy.es\/wp-content\/uploads\/sites\/22\/2012\/05\/senderos.jpg 1028w, https:\/\/static-blogs.hoy.es\/wp-content\/uploads\/sites\/22\/2012\/05\/senderos-200x300.jpg 200w, https:\/\/static-blogs.hoy.es\/wp-content\/uploads\/sites\/22\/2012\/05\/senderos-768x1153.jpg 768w, https:\/\/static-blogs.hoy.es\/wp-content\/uploads\/sites\/22\/2012\/05\/senderos-600x901.jpg 600w\" sizes=\"(max-width: 451px) 100vw, 451px\" \/><\/a><span style=\"font-size: medium;\">Tras las lluvias de los \u00faltimos d\u00edas, el entorno adehesado de Jerez de los Caballeros brind\u00f3 el martes el mejor escenario para la celebraci\u00f3n de la <strong>IV Ruta Templaria,<\/strong> organizada por el Ayuntamiento de esta ciudad junto con el <a href=\"http:\/\/www.senderismoxerez.es.tl\/\" target=\"_blank\" rel=\"external nofollow\"><strong>club de senderismo &#8216;Xerez&#8217;<\/strong><\/a>.<\/span><\/p>\n<p><span style=\"font-size: medium;\">El punto de partida excepcional para esta etapa, fue el parque de Santa Luc\u00eda, donde se dieron cita, a primera hora de la ma\u00f1ana, cerca de 600 personas, procedentes de numerosas localidades de Extremadura y tambi\u00e9n de Andaluc\u00eda, inscritas para realizar esta ruta, con un recorrido de <strong>25 kil\u00f3metros<\/strong> y una etapa alternativa de 19 kil\u00f3metros.<\/span><\/p>\n<p><span style=\"font-size: medium;\">Los miembros del lub de senderismo Xerez dieron la bienvenida a los participantes a los que ofrecieron informaci\u00f3n sobre la se\u00f1alizaci\u00f3n del itinerario y los puntos de avituallamiento, adem\u00e1s de perrunillas para comenzar la etapa con energ\u00eda. El concejal de Deportes, Joaqu\u00edn Vaquerizo, agradeci\u00f3 a los presentes su participaci\u00f3n, dese\u00e1ndoles el disfrute de la etapa.<\/span><\/p>\n<p><span style=\"font-size: medium;\">Tras atravesar el centro de Jerez de los Caballeros, para disfrutar de la monumentalidad de esta ciudad, la ruta continu\u00f3 por la avenida del recinto ferial hasta alcanzar la zona conocida como el &#8216;Alto del empedrao&#8217;, prosiguiendo, por tierras de dehesas, hasta llegar al &#8216;Camino del Casta\u00f1o&#8217;, antes de iniciar la subida a la poblaci\u00f3n vecina de Valle de Matamoros, el tramo m\u00e1s duro de esta ruta. La etapa continu\u00f3 hasta el Valle de Santa Ana, discurriendo en su tramo final por fincas como &#8216;La Vaquilla&#8217; y &#8216;El Pasil&#8217;, pasando junto al Convento de Aguasantas y culminando en la Plaza de la Alcazaba. Efectivos de Cruz Roja, con dos ambulancias; miembros de Protecci\u00f3n civil y tambi\u00e9n de la Guardia Civil, apoyaron el desarrollo de la ruta sin que se registrara incidente alguno, seg\u00fan destac\u00f3 al final de la etapa, Francisco Faba, secretario del club Xerez.<\/span><\/p>\n<p><span style=\"font-size: medium;\">Entre los participantes, la satisfacci\u00f3n fue la nota com\u00fan, con elogios para la organizaci\u00f3n, por la atenci\u00f3n recibida en todo momento. Algunos de ellos, como Daniel y Yolanda, llegados desde Badajoz y conocedores de casi todas las rutas de senderismo de Extremadura, calificaron la organizaci\u00f3n de perfecta y resaltaron la amabilidad encontrada, \u00abentendiendo la dureza del camino, lo cual es de agradecer\u00bb, expresaron.<\/span><\/p>\n<p><span style=\"font-size: medium;\">Faba subray\u00f3 la extraordinaria participaci\u00f3n registrada en esta cuarta edici\u00f3n en la que casi se ha cuadruplicado el n\u00famero de inscritos. Mencion\u00f3 en ese sentido, la mayor difusi\u00f3n de la ruta y el hecho de que se haya inscrito en el Circuito de Rutas Senderistas de Extremadura que organiza la Federaci\u00f3n Extreme\u00f1a de Monta\u00f1a, patrocinadora de esta etapa junto con la Consejer\u00eda de Juventud y Deportes y Alimentos de Extremadura. La directiva del club de senderismo tambi\u00e9n destac\u00f3 la colaboraci\u00f3n de distintas empresas: Cristian Lay, Pereira Escudero y Autoservicio Mart\u00ednez Ramajo, ya que como colof\u00f3n a esta IV Ruta templaria y gracias tambi\u00e9n al trabajo de los integrantes del propio Club y de personas que les han apoyado, se ofreci\u00f3 a todos los participantes un bocadillo de jam\u00f3n, refrescos y un vaso de gazpacho; adem\u00e1s de fruta, zumo y agua durante el recorrido.<\/span><\/p>\n<p>\u00bfParticipaste en la ruta? Env\u00eda tus fotos a <a href=\"mailto:senderismoextremadurahoy@gmail.com\" target=\"_blank\"><strong>senderismoextremadurahoy@gmail.com<\/strong><\/a> y haremos una galer\u00eda de im\u00e1genes.<\/p>\n<!-- AddThis Advanced Settings generic via filter on the_content --><!-- AddThis Share Buttons generic via filter on the_content -->","protected":false},"excerpt":{"rendered":"<p>PAULA D\u00cdAZ |\u00a0 Tras las lluvias de los \u00faltimos d\u00edas, el entorno adehesado de Jerez de los Caballeros brind\u00f3 el martes el mejor escenario para la celebraci\u00f3n de la IV Ruta Templaria, organizada por el Ayuntamiento de esta ciudad junto con el club de senderismo &#8216;Xerez&#8217;. El punto de partida excepcional para esta etapa, fue [&hellip;]<!-- AddThis Advanced Settings generic via filter on get_the_excerpt --><!-- AddThis Share Buttons generic via filter on get_the_excerpt --><\/p>\n","protected":false},"author":27,"featured_media":0,"comment_status":"open","ping_status":"closed","sticky":false,"template":"","format":"standard","meta":[],"categories":[3],"tags":[86,417,486,713,944,1014],"_links":{"self":[{"href":"https:\/\/blogs.hoy.es\/senderosextremadura\/wp-json\/wp\/v2\/posts\/474"}],"collection":[{"href":"https:\/\/blogs.hoy.es\/senderosextremadura\/wp-json\/wp\/v2\/posts"}],"about":[{"href":"https:\/\/blogs.hoy.es\/senderosextremadura\/wp-json\/wp\/v2\/types\/post"}],"author":[{"embeddable":true,"href":"https:\/\/blogs.hoy.es\/senderosextremadura\/wp-json\/wp\/v2\/users\/27"}],"replies":[{"embeddable":true,"href":"https:\/\/blogs.hoy.es\/senderosextremadura\/wp-json\/wp\/v2\/comments?post=474"}],"version-history":[{"count":0,"href":"https:\/\/blogs.hoy.es\/senderosextremadura\/wp-json\/wp\/v2\/posts\/474\/revisions"}],"wp:attachment":[{"href":"https:\/\/blogs.hoy.es\/senderosextremadura\/wp-json\/wp\/v2\/media?parent=474"}],"wp:term":[{"taxonomy":"category","embeddable":true,"href":"https:\/\/blogs.hoy.es\/senderosextremadura\/wp-json\/wp\/v2\/categories?post=474"},{"taxonomy":"post_tag","embeddable":true,"href":"https:\/\/blogs.hoy.es\/senderosextremadura\/wp-json\/wp\/v2\/tags?post=474"}],"curies":[{"name":"wp","href":"https:\/\/api.w.org\/{rel}","templated":true}]}}