{"id":478,"date":"2012-05-03T08:48:20","date_gmt":"2012-05-03T08:48:20","guid":{"rendered":"http:\/\/blogs.hoy.es\/senderosextremadura\/?p=478"},"modified":"2012-05-03T08:48:20","modified_gmt":"2012-05-03T08:48:20","slug":"vive-la-noche-en-badajoz-incluye-tres-rutas-en-julio-y-agosto","status":"publish","type":"post","link":"https:\/\/blogs.hoy.es\/senderosextremadura\/2012\/05\/03\/vive-la-noche-en-badajoz-incluye-tres-rutas-en-julio-y-agosto\/","title":{"rendered":"&#039;Vive la noche en Badajoz&#039; incluye tres rutas en julio y agosto"},"content":{"rendered":"<h3><span style=\"font-size: medium;\"><a href=\"https:\/\/blogs.hoy.es\/senderosextremadura\/2012\/05\/03\/vive-la-noche-en-badajoz-incluye-tres-rutas-en-julio-y-agosto\/programa\/\" rel=\"attachment wp-att-479\"><img loading=\"lazy\" class=\"alignright size-large wp-image-479\" title=\"PROGRAMA\" src=\"\/senderosextremadura\/wp-content\/uploads\/sites\/22\/2012\/05\/PROGRAMA.jpg\" alt=\"\" width=\"467\" height=\"363\" srcset=\"https:\/\/static-blogs.hoy.es\/wp-content\/uploads\/sites\/22\/2012\/05\/PROGRAMA.jpg 900w, https:\/\/static-blogs.hoy.es\/wp-content\/uploads\/sites\/22\/2012\/05\/PROGRAMA-300x233.jpg 300w, https:\/\/static-blogs.hoy.es\/wp-content\/uploads\/sites\/22\/2012\/05\/PROGRAMA-768x597.jpg 768w, https:\/\/static-blogs.hoy.es\/wp-content\/uploads\/sites\/22\/2012\/05\/PROGRAMA-600x467.jpg 600w\" sizes=\"(max-width: 467px) 100vw, 467px\" \/><\/a><span style=\"font-size: large;\">El programa de ocio juvenil del <a href=\"http:\/\/www.aytobadajoz.es\/es\/ayto\/especiales\/especial\/11275\/programa-vive-la-noche-en-badajoz-2012\" target=\"_blank\" rel=\"external nofollow\"><strong>\u2018Vive la noche\u2019<\/strong> del Ayuntamiento de Badajoz<\/a> ha organizado para los meses de julio y agosto varias rutas senderistas por hermosos paisajes de Extremadura. Estas son las tres actividades que se llevar\u00e1n a cabo en colaboraci\u00f3n con la Asociaci\u00f3n Geogr\u00e1fica.<\/span><\/span><\/h3>\n<p>&nbsp;<\/p>\n<p>&nbsp;<\/p>\n<p>&nbsp;<\/p>\n<p>&nbsp;<\/p>\n<p><span style=\"font-size: medium;\"><strong>Senderismo por el GeoParque Villuercas, Jara e Ibores:<\/strong><\/span><\/p>\n<p><span style=\"font-size: medium;\">o N\u00famero de Participantes: 20.<\/span><\/p>\n<p><span style=\"font-size: medium;\">o Edades: de 13 a 30 a\u00f1os.<\/span><\/p>\n<p><span style=\"font-size: medium;\">o Reuni\u00f3n de admitidos: 5 de junio (19:30 h.).<\/span><\/p>\n<p><span style=\"font-size: medium;\">o Fecha de ejecuci\u00f3n: 9 de junio.<\/span><\/p>\n<p><span style=\"font-size: medium;\">o Cuota de participaci\u00f3n: 3 euros<\/span><\/p>\n<p><span style=\"font-size: medium;\"><strong>Senderismo por el Parque Natural Tajo Internacional:<\/strong><\/span><\/p>\n<p><span style=\"font-size: medium;\">o N\u00famero de Participantes: 20.<\/span><\/p>\n<p><span style=\"font-size: medium;\">o Edades: de 13 a 30 a\u00f1os.<\/span><\/p>\n<p><span style=\"font-size: medium;\">o Reuni\u00f3n de admitidos: 24 de julio (19:30 h.).<\/span><\/p>\n<p><span style=\"font-size: medium;\">o Fecha de ejecuci\u00f3n: 28 de junio.<\/span><\/p>\n<p><span style=\"font-size: medium;\">o Cuota de participaci\u00f3n: 5 euros<\/span><\/p>\n<p><span style=\"font-size: medium;\"><strong> Senderismo por la Z.E.P.A. Puerto Pe\u00f1a y Sierra de las Golondrinas:<\/strong><\/span><\/p>\n<p><span style=\"font-size: medium;\">o N\u00famero de Participantes: 20.<\/span><\/p>\n<p><span style=\"font-size: medium;\">o Edades: de 13 a 30 a\u00f1os.<\/span><\/p>\n<p><span style=\"font-size: medium;\">o Reuni\u00f3n de admitidos: 6 de agosto (19:30 h.).<\/span><\/p>\n<p><span style=\"font-size: medium;\">o Fecha de ejecuci\u00f3n: 11 de agosto.<\/span><\/p>\n<p><span style=\"font-size: medium;\">o Cuota de participaci\u00f3n: 3 euros<\/span><\/p>\n<p>&nbsp;<\/p>\n<p><strong><span style=\"text-decoration: underline;\">M\u00e1s informaci\u00f3n:<\/span><\/strong><\/p>\n<p>Concejal\u00eda de Juventud<\/p>\n<p>Ronda del Pilar, 20. 06002 Badajoz<\/p>\n<p>Tel. 924210109 &#8211; 924210087<\/p>\n<p><a href=\"mailto:%20programasdejuventud1@aytobadajoz.es\" target=\"_blank\">programasdejuventud1@aytobadajoz.es<\/a><\/p>\n<p>&nbsp;<\/p>\n<!-- AddThis Advanced Settings generic via filter on the_content --><!-- AddThis Share Buttons generic via filter on the_content -->","protected":false},"excerpt":{"rendered":"<p>El programa de ocio juvenil del \u2018Vive la noche\u2019 del Ayuntamiento de Badajoz ha organizado para los meses de julio y agosto varias rutas senderistas por hermosos paisajes de Extremadura. Estas son las tres actividades que se llevar\u00e1n a cabo en colaboraci\u00f3n con la Asociaci\u00f3n Geogr\u00e1fica. &nbsp; &nbsp; &nbsp; &nbsp; Senderismo por el GeoParque Villuercas, [&hellip;]<!-- AddThis Advanced Settings generic via filter on get_the_excerpt --><!-- AddThis Share Buttons generic via filter on get_the_excerpt --><\/p>\n","protected":false},"author":27,"featured_media":0,"comment_status":"open","ping_status":"closed","sticky":false,"template":"","format":"standard","meta":[],"categories":[4],"tags":[86,121,400,407,1004,1099,1118],"_links":{"self":[{"href":"https:\/\/blogs.hoy.es\/senderosextremadura\/wp-json\/wp\/v2\/posts\/478"}],"collection":[{"href":"https:\/\/blogs.hoy.es\/senderosextremadura\/wp-json\/wp\/v2\/posts"}],"about":[{"href":"https:\/\/blogs.hoy.es\/senderosextremadura\/wp-json\/wp\/v2\/types\/post"}],"author":[{"embeddable":true,"href":"https:\/\/blogs.hoy.es\/senderosextremadura\/wp-json\/wp\/v2\/users\/27"}],"replies":[{"embeddable":true,"href":"https:\/\/blogs.hoy.es\/senderosextremadura\/wp-json\/wp\/v2\/comments?post=478"}],"version-history":[{"count":0,"href":"https:\/\/blogs.hoy.es\/senderosextremadura\/wp-json\/wp\/v2\/posts\/478\/revisions"}],"wp:attachment":[{"href":"https:\/\/blogs.hoy.es\/senderosextremadura\/wp-json\/wp\/v2\/media?parent=478"}],"wp:term":[{"taxonomy":"category","embeddable":true,"href":"https:\/\/blogs.hoy.es\/senderosextremadura\/wp-json\/wp\/v2\/categories?post=478"},{"taxonomy":"post_tag","embeddable":true,"href":"https:\/\/blogs.hoy.es\/senderosextremadura\/wp-json\/wp\/v2\/tags?post=478"}],"curies":[{"name":"wp","href":"https:\/\/api.w.org\/{rel}","templated":true}]}}