{"id":486,"date":"2012-05-03T10:11:49","date_gmt":"2012-05-03T10:11:49","guid":{"rendered":"http:\/\/blogs.hoy.es\/senderosextremadura\/?p=486"},"modified":"2012-05-03T10:11:49","modified_gmt":"2012-05-03T10:11:49","slug":"iii-encuentro-plasencia-ciudad-del-senderismo-6-de-mayo","status":"publish","type":"post","link":"https:\/\/blogs.hoy.es\/senderosextremadura\/2012\/05\/03\/iii-encuentro-plasencia-ciudad-del-senderismo-6-de-mayo\/","title":{"rendered":"III Encuentro Plasencia Ciudad del Senderismo (6 de mayo)"},"content":{"rendered":"<div id=\"story-texto\">\n<div>\n<div id=\"attachment_488\" style=\"width: 710px\" class=\"wp-caption aligncenter\"><a href=\"https:\/\/blogs.hoy.es\/senderosextremadura\/2012\/05\/03\/iii-encuentro-plasencia-ciudad-del-senderismo-6-de-mayo\/pinos-parque\/\" rel=\"attachment wp-att-488\"><img aria-describedby=\"caption-attachment-488\" loading=\"lazy\" class=\"size-full wp-image-488 \" title=\"pinos-parque\" src=\"\/senderosextremadura\/wp-content\/uploads\/sites\/22\/2012\/05\/pinos-parque.jpg\" alt=\"Parque de los Pinos de Plasencia, inicio de la ruta.\" width=\"700\" height=\"467\" srcset=\"https:\/\/static-blogs.hoy.es\/wp-content\/uploads\/sites\/22\/2012\/05\/pinos-parque.jpg 1200w, https:\/\/static-blogs.hoy.es\/wp-content\/uploads\/sites\/22\/2012\/05\/pinos-parque-300x200.jpg 300w, https:\/\/static-blogs.hoy.es\/wp-content\/uploads\/sites\/22\/2012\/05\/pinos-parque-768x512.jpg 768w, https:\/\/static-blogs.hoy.es\/wp-content\/uploads\/sites\/22\/2012\/05\/pinos-parque-600x400.jpg 600w\" sizes=\"(max-width: 700px) 100vw, 700px\" \/><\/a><p id=\"caption-attachment-488\" class=\"wp-caption-text\">Parque de los Pinos de Plasencia, inicio de la ruta.<\/p><\/div>\n<p><span style=\"font-size: medium;\">A las nueve de la ma\u00f1ana del pr\u00f3ximo domingo, d\u00eda 6 de mayo, partir\u00e1n desde el <strong>parque de Los Pinos<\/strong> los autobuses con los participantes en el <strong>III Encuentro Plasencia Ciudad del Senderismo<\/strong>, que organiza la <strong>asociaci\u00f3n deportiva El Bord\u00f3n<\/strong>.<\/span><\/p>\n<\/div>\n<div><span style=\"font-size: medium;\">Llegar\u00e1n hasta <strong>Malpartida de Plasencia<\/strong>, donde arrancar\u00e1 el camino de vuelta a la ciudad, ya a pie. Algo menos de 13 kil\u00f3metros que terminar\u00e1n en el pabell\u00f3n de la Ciudad Deportiva, donde los participantes compartir\u00e1n garbanzos. Antes disfrutar\u00e1n del ca\u00f1eo por la avenida de Extremadura, seg\u00fan explic\u00f3 ayer el presidente de El Bord\u00f3n, Jes\u00fas Mu\u00f1oz, quien compareci\u00f3 acompa\u00f1ado por el concejal de Deportes, David D\u00f3niga.<\/span><\/div>\n<div><span style=\"font-size: medium;\">Todos los interesados en participar en el tercer encuentro pueden inscribirse a trav\u00e9s de la web <a href=\"mailto:elbordon@pruebanostop.com\"><strong>elbordon@pruebanostop.com<\/strong><\/a> y tambi\u00e9n ingresar los 5 euros que cuesta la inscripci\u00f3n en la cuenta de la asociaci\u00f3n en Caja de Extremadura.<\/span><\/div>\n<div><span style=\"font-size: medium;\"><br \/>\n<\/span><\/div>\n<div><span style=\"font-size: medium;\"><br \/>\n<\/span><\/div>\n<\/div>\n<!-- AddThis Advanced Settings generic via filter on the_content --><!-- AddThis Share Buttons generic via filter on the_content -->","protected":false},"excerpt":{"rendered":"<p>A las nueve de la ma\u00f1ana del pr\u00f3ximo domingo, d\u00eda 6 de mayo, partir\u00e1n desde el parque de Los Pinos los autobuses con los participantes en el III Encuentro Plasencia Ciudad del Senderismo, que organiza la asociaci\u00f3n deportiva El Bord\u00f3n. Llegar\u00e1n hasta Malpartida de Plasencia, donde arrancar\u00e1 el camino de vuelta a la ciudad, ya [&hellip;]<!-- AddThis Advanced Settings generic via filter on get_the_excerpt --><!-- AddThis Share Buttons generic via filter on get_the_excerpt --><\/p>\n","protected":false},"author":27,"featured_media":0,"comment_status":"open","ping_status":"closed","sticky":false,"template":"","format":"standard","meta":[],"categories":[4],"tags":[121,288,301,419,475,639,906,942],"_links":{"self":[{"href":"https:\/\/blogs.hoy.es\/senderosextremadura\/wp-json\/wp\/v2\/posts\/486"}],"collection":[{"href":"https:\/\/blogs.hoy.es\/senderosextremadura\/wp-json\/wp\/v2\/posts"}],"about":[{"href":"https:\/\/blogs.hoy.es\/senderosextremadura\/wp-json\/wp\/v2\/types\/post"}],"author":[{"embeddable":true,"href":"https:\/\/blogs.hoy.es\/senderosextremadura\/wp-json\/wp\/v2\/users\/27"}],"replies":[{"embeddable":true,"href":"https:\/\/blogs.hoy.es\/senderosextremadura\/wp-json\/wp\/v2\/comments?post=486"}],"version-history":[{"count":0,"href":"https:\/\/blogs.hoy.es\/senderosextremadura\/wp-json\/wp\/v2\/posts\/486\/revisions"}],"wp:attachment":[{"href":"https:\/\/blogs.hoy.es\/senderosextremadura\/wp-json\/wp\/v2\/media?parent=486"}],"wp:term":[{"taxonomy":"category","embeddable":true,"href":"https:\/\/blogs.hoy.es\/senderosextremadura\/wp-json\/wp\/v2\/categories?post=486"},{"taxonomy":"post_tag","embeddable":true,"href":"https:\/\/blogs.hoy.es\/senderosextremadura\/wp-json\/wp\/v2\/tags?post=486"}],"curies":[{"name":"wp","href":"https:\/\/api.w.org\/{rel}","templated":true}]}}