{"id":506,"date":"2012-05-08T09:18:01","date_gmt":"2012-05-08T09:18:01","guid":{"rendered":"http:\/\/blogs.hoy.es\/senderosextremadura\/?p=506"},"modified":"2012-05-08T09:18:01","modified_gmt":"2012-05-08T09:18:01","slug":"tras-la-huella-de-alfonso-xi-en-las-villuercas","status":"publish","type":"post","link":"https:\/\/blogs.hoy.es\/senderosextremadura\/2012\/05\/08\/tras-la-huella-de-alfonso-xi-en-las-villuercas\/","title":{"rendered":"Tras la huella de Alfonso XI en las Villuercas"},"content":{"rendered":"<p><span style=\"font-size: large;\"><a href=\"https:\/\/blogs.hoy.es\/senderosextremadura\/2012\/05\/08\/tras-la-huella-de-alfonso-xi-en-las-villuercas\/villuercas-2\/\" rel=\"attachment wp-att-507\"><img loading=\"lazy\" class=\"aligncenter size-large wp-image-507\" title=\"villuercas\" src=\"\/senderosextremadura\/wp-content\/uploads\/sites\/22\/2012\/05\/villuercas.jpg\" alt=\"\" width=\"600\" height=\"399\" srcset=\"https:\/\/static-blogs.hoy.es\/wp-content\/uploads\/sites\/22\/2012\/05\/villuercas.jpg 800w, https:\/\/static-blogs.hoy.es\/wp-content\/uploads\/sites\/22\/2012\/05\/villuercas-300x200.jpg 300w, https:\/\/static-blogs.hoy.es\/wp-content\/uploads\/sites\/22\/2012\/05\/villuercas-768x512.jpg 768w, https:\/\/static-blogs.hoy.es\/wp-content\/uploads\/sites\/22\/2012\/05\/villuercas-600x400.jpg 600w\" sizes=\"(max-width: 600px) 100vw, 600px\" \/><\/a><\/span><\/p>\n<p><span style=\"font-size: large;\">Una vez m\u00e1s la <strong>comarca dela Villuercas<\/strong>, encumbradas en la recta final por su majestuoso Monasterio de Guadalupe, rindi\u00f3 pleites\u00eda a los intr\u00e9pidos senderistas que osaron emular la huella de Alfonso XI. Los valles de los r\u00edos Almonte y Viejas nos brindaron el honor de contemplar tanto sus parajes m\u00e1s ocultos como sus especies m\u00e1s esquivas.\u00a0<\/span><\/p>\n<p><span style=\"font-size: large;\"><a href=\"http:\/\/www.hoy.es\/multimedia\/fotos\/ultimos\/98328-siguiendo-huella-alfonso-villuercas-0.html\" target=\"_blank\" rel=\"external nofollow\"><strong>GALER\u00cdA DE FOTOS: Asociaci\u00f3n Geogr\u00e1fica<\/strong><\/a><\/span><\/p>\n<p>&nbsp;<\/p>\n<p><a href=\"https:\/\/blogs.hoy.es\/senderosextremadura\/2012\/05\/08\/tras-la-huella-de-alfonso-xi-en-las-villuercas\/villuercas-senderismo\/\" rel=\"attachment wp-att-508\"><img loading=\"lazy\" class=\"aligncenter size-large wp-image-508\" title=\"villuercas-senderismo\" src=\"\/senderosextremadura\/wp-content\/uploads\/sites\/22\/2012\/05\/villuercas-senderismo.jpg\" alt=\"\" width=\"600\" height=\"399\" srcset=\"https:\/\/static-blogs.hoy.es\/wp-content\/uploads\/sites\/22\/2012\/05\/villuercas-senderismo.jpg 800w, https:\/\/static-blogs.hoy.es\/wp-content\/uploads\/sites\/22\/2012\/05\/villuercas-senderismo-300x200.jpg 300w, https:\/\/static-blogs.hoy.es\/wp-content\/uploads\/sites\/22\/2012\/05\/villuercas-senderismo-768x512.jpg 768w, https:\/\/static-blogs.hoy.es\/wp-content\/uploads\/sites\/22\/2012\/05\/villuercas-senderismo-600x400.jpg 600w\" sizes=\"(max-width: 600px) 100vw, 600px\" \/><\/a><\/p>\n<!-- AddThis Advanced Settings generic via filter on the_content --><!-- AddThis Share Buttons generic via filter on the_content -->","protected":false},"excerpt":{"rendered":"<p>Una vez m\u00e1s la comarca dela Villuercas, encumbradas en la recta final por su majestuoso Monasterio de Guadalupe, rindi\u00f3 pleites\u00eda a los intr\u00e9pidos senderistas que osaron emular la huella de Alfonso XI. Los valles de los r\u00edos Almonte y Viejas nos brindaron el honor de contemplar tanto sus parajes m\u00e1s ocultos como sus especies m\u00e1s [&hellip;]<!-- AddThis Advanced Settings generic via filter on get_the_excerpt --><!-- AddThis Share Buttons generic via filter on get_the_excerpt --><\/p>\n","protected":false},"author":27,"featured_media":0,"comment_status":"open","ping_status":"closed","sticky":false,"template":"","format":"standard","meta":[],"categories":[3],"tags":[121,301,713,906,944,1099],"_links":{"self":[{"href":"https:\/\/blogs.hoy.es\/senderosextremadura\/wp-json\/wp\/v2\/posts\/506"}],"collection":[{"href":"https:\/\/blogs.hoy.es\/senderosextremadura\/wp-json\/wp\/v2\/posts"}],"about":[{"href":"https:\/\/blogs.hoy.es\/senderosextremadura\/wp-json\/wp\/v2\/types\/post"}],"author":[{"embeddable":true,"href":"https:\/\/blogs.hoy.es\/senderosextremadura\/wp-json\/wp\/v2\/users\/27"}],"replies":[{"embeddable":true,"href":"https:\/\/blogs.hoy.es\/senderosextremadura\/wp-json\/wp\/v2\/comments?post=506"}],"version-history":[{"count":0,"href":"https:\/\/blogs.hoy.es\/senderosextremadura\/wp-json\/wp\/v2\/posts\/506\/revisions"}],"wp:attachment":[{"href":"https:\/\/blogs.hoy.es\/senderosextremadura\/wp-json\/wp\/v2\/media?parent=506"}],"wp:term":[{"taxonomy":"category","embeddable":true,"href":"https:\/\/blogs.hoy.es\/senderosextremadura\/wp-json\/wp\/v2\/categories?post=506"},{"taxonomy":"post_tag","embeddable":true,"href":"https:\/\/blogs.hoy.es\/senderosextremadura\/wp-json\/wp\/v2\/tags?post=506"}],"curies":[{"name":"wp","href":"https:\/\/api.w.org\/{rel}","templated":true}]}}