{"id":51,"date":"2012-02-29T09:25:05","date_gmt":"2012-02-29T09:25:05","guid":{"rendered":"http:\/\/blogs.hoy.es\/senderosextremadura\/?p=51"},"modified":"2012-02-29T09:25:05","modified_gmt":"2012-02-29T09:25:05","slug":"salvaleon-une-dos-de-sus-mejores-rutas-buitres-apostoles-4-de-marzo","status":"publish","type":"post","link":"https:\/\/blogs.hoy.es\/senderosextremadura\/2012\/02\/29\/salvaleon-une-dos-de-sus-mejores-rutas-buitres-apostoles-4-de-marzo\/","title":{"rendered":"Salvale\u00f3n une dos de sus mejores rutas: &#039;Buitres-Ap\u00f3stoles&#039; (4 de marzo)"},"content":{"rendered":"<h2><a href=\"\/senderosextremadura\/wp-content\/uploads\/sites\/22\/2012\/02\/Ruta-de-los-Buitres-ap\u00f3stoles.jpg\"><img loading=\"lazy\" class=\"alignleft size-large wp-image-52\" title=\"Ruta de los Buitres-ap\u00f3stoles\" src=\"\/senderosextremadura\/wp-content\/uploads\/sites\/22\/2012\/02\/Ruta-de-los-Buitres-ap\u00f3stoles.jpg\" alt=\"\" width=\"260\" height=\"368\" \/><\/a>La <strong><a href=\"http:\/\/senderismosalvaleon.blogspot.com\/\" rel=\"external nofollow\">Asociaci\u00f3n de Senderismo de Salvale\u00f3n \u2018El Encinar\u2019<\/a><\/strong> realizar\u00e1 este <strong>domingo d\u00eda 4<\/strong> la ruta \u2018Buitres-Ap\u00f3stoles\u2019. Se trata de una <strong>ruta circular de dificultad media-alta<\/strong> con dos variantes, una de duraci\u00f3n y dificultad media, 24 kil\u00f3metros, y otra m\u00e1s larga y difulcutosa, con un trayecto de35 kil\u00f3metros.<\/h2>\n<h2>\u2018El Encinar\u2019 ha unido en esta actividad dos de las mejores rutas que bordean Salvale\u00f3n. La conocida caminata de &#8220;los 12 Ap\u00f3stoles&#8221; y la ruta de &#8220;los Buitres&#8221;. Esperan a los caminantes parajes y vistas espectaculares entre la dehesa porrinera.<\/h2>\n<h2>Se saldr\u00e1 de la Plaza de Espa\u00f1a a las 8.30 y la llegada est\u00e1 prevista a las 15 horas.<\/h2>\n<h2><strong>No se requiere inscripci\u00f3n<\/strong> y la actividad no se aplazar\u00e1 por motivos meteorol\u00f3gicos. Se recomienda calzado y ropa adecuados.<\/h2>\n<h2><a href=\"\/senderosextremadura\/wp-content\/uploads\/sites\/22\/2012\/02\/senderistas.jpg\"><img loading=\"lazy\" class=\"aligncenter size-full wp-image-59\" title=\"senderistas\" src=\"\/senderosextremadura\/wp-content\/uploads\/sites\/22\/2012\/02\/senderistas.jpg\" alt=\"\" width=\"466\" height=\"263\" \/><\/a><\/h2>\n<h2><\/h2>\n<h2>OTRAS RUTAS<\/h2>\n<h2><strong><a href=\"https:\/\/blogs.hoy.es\/senderosextremadura\/2012\/02\/25\/la-zarza-celebra-su-ruta-penas-blancas-4-de-marzo\/\">Pe\u00f1as Blancas, La Zarza (4 de marzo)<\/a><\/strong><\/h2>\n<h2>OTRAS ENTRADAS<\/h2>\n<h2><strong><a href=\"https:\/\/blogs.hoy.es\/senderosextremadura\/2012\/02\/23\/%C2%A1no-te-equivoques-utiliza-los-senderos-homologados\/\">\u00a1No te equivoques! Usa senderos homologados<\/a><\/strong><\/h2>\n<h2><\/h2>\n<h2><strong>PARTICIPA: Env\u00edanos tu ruta a\u00a0<a href=\"mailto:senderismoextremadurahoy@gmail.com\" target=\"_blank\">senderismoextremadurahoy@gmail.com<\/a><\/strong><\/h2>\n<!-- AddThis Advanced Settings generic via filter on the_content --><!-- AddThis Share Buttons generic via filter on the_content -->","protected":false},"excerpt":{"rendered":"<p>La Asociaci\u00f3n de Senderismo de Salvale\u00f3n \u2018El Encinar\u2019 realizar\u00e1 este domingo d\u00eda 4 la ruta \u2018Buitres-Ap\u00f3stoles\u2019. Se trata de una ruta circular de dificultad media-alta con dos variantes, una de duraci\u00f3n y dificultad media, 24 kil\u00f3metros, y otra m\u00e1s larga y difulcutosa, con un trayecto de35 kil\u00f3metros. \u2018El Encinar\u2019 ha unido en esta actividad dos [&hellip;]<!-- AddThis Advanced Settings generic via filter on get_the_excerpt --><!-- AddThis Share Buttons generic via filter on get_the_excerpt --><\/p>\n","protected":false},"author":27,"featured_media":0,"comment_status":"open","ping_status":"closed","sticky":false,"template":"","format":"standard","meta":[],"categories":[4],"tags":[251,301,405,600,792,884,906,944],"_links":{"self":[{"href":"https:\/\/blogs.hoy.es\/senderosextremadura\/wp-json\/wp\/v2\/posts\/51"}],"collection":[{"href":"https:\/\/blogs.hoy.es\/senderosextremadura\/wp-json\/wp\/v2\/posts"}],"about":[{"href":"https:\/\/blogs.hoy.es\/senderosextremadura\/wp-json\/wp\/v2\/types\/post"}],"author":[{"embeddable":true,"href":"https:\/\/blogs.hoy.es\/senderosextremadura\/wp-json\/wp\/v2\/users\/27"}],"replies":[{"embeddable":true,"href":"https:\/\/blogs.hoy.es\/senderosextremadura\/wp-json\/wp\/v2\/comments?post=51"}],"version-history":[{"count":0,"href":"https:\/\/blogs.hoy.es\/senderosextremadura\/wp-json\/wp\/v2\/posts\/51\/revisions"}],"wp:attachment":[{"href":"https:\/\/blogs.hoy.es\/senderosextremadura\/wp-json\/wp\/v2\/media?parent=51"}],"wp:term":[{"taxonomy":"category","embeddable":true,"href":"https:\/\/blogs.hoy.es\/senderosextremadura\/wp-json\/wp\/v2\/categories?post=51"},{"taxonomy":"post_tag","embeddable":true,"href":"https:\/\/blogs.hoy.es\/senderosextremadura\/wp-json\/wp\/v2\/tags?post=51"}],"curies":[{"name":"wp","href":"https:\/\/api.w.org\/{rel}","templated":true}]}}