{"id":510,"date":"2012-05-08T09:54:48","date_gmt":"2012-05-08T09:54:48","guid":{"rendered":"http:\/\/blogs.hoy.es\/senderosextremadura\/?p=510"},"modified":"2012-05-08T09:54:48","modified_gmt":"2012-05-08T09:54:48","slug":"por-los-magnificos-senderos-de-monfrague-13-de-mayo","status":"publish","type":"post","link":"https:\/\/blogs.hoy.es\/senderosextremadura\/2012\/05\/08\/por-los-magnificos-senderos-de-monfrague-13-de-mayo\/","title":{"rendered":"Por los magn\u00edficos senderos de Monfrag\u00fce (13 de mayo)"},"content":{"rendered":"<p>&nbsp;<\/p>\n<p><span style=\"font-size: large;\"><a href=\"https:\/\/blogs.hoy.es\/senderosextremadura\/2012\/05\/08\/por-los-magnificos-senderos-de-monfrague-13-de-mayo\/monfrague-2\/\" rel=\"attachment wp-att-512\"><img loading=\"lazy\" class=\"aligncenter size-large wp-image-512\" title=\"monfrague\" src=\"\/senderosextremadura\/wp-content\/uploads\/sites\/22\/2012\/05\/monfrague1.jpg\" alt=\"\" width=\"600\" height=\"399\" srcset=\"https:\/\/static-blogs.hoy.es\/wp-content\/uploads\/sites\/22\/2012\/05\/monfrague1.jpg 800w, https:\/\/static-blogs.hoy.es\/wp-content\/uploads\/sites\/22\/2012\/05\/monfrague1-300x200.jpg 300w, https:\/\/static-blogs.hoy.es\/wp-content\/uploads\/sites\/22\/2012\/05\/monfrague1-768x512.jpg 768w, https:\/\/static-blogs.hoy.es\/wp-content\/uploads\/sites\/22\/2012\/05\/monfrague1-600x400.jpg 600w\" sizes=\"(max-width: 600px) 100vw, 600px\" \/><\/a><\/span><\/p>\n<p><span style=\"font-size: large;\">El a\u00f1o pasado un grupo de <strong>senderistas de M\u00e9rida<\/strong> se desplazaron al <strong>Parque Nacional de Monfrag\u00fce<\/strong> en sus coches particulares. Se internaron \u00a0por sus magnificas rutas adaptadas y se\u00f1alizadas, quedando gratamente sorprendidos por el cambio experimentado en sus paisajes. De modo que decidieron volver en la primavera de 2012 \u00a0con m\u00e1s miembros del <a href=\"www.telefonica.net\/web2\/senderismoemeritaaugusta\" target=\"_blank\"><strong>Club de Senderismo Em\u00e9rita Augusta<\/strong><\/a> y disfrutar as\u00ed de este magn\u00edfico espacio natural extreme\u00f1o.<\/span><\/p>\n<p><span style=\"font-size: large;\">Este domingo 13 de mayo viajan\u00a0 al Parque Nacional para realizar una ruta circular que emprender\u00e1n en la localidad de <strong>Villarreal de San Carlos<\/strong>. En total se recorrer\u00e1n <strong>17 kil\u00f3metros<\/strong>. La duraci\u00f3n de la ruta es de unas cuatro horas y media, con una dificultad media.<\/span><\/p>\n<p>&nbsp;<\/p>\n<p>M\u00c1S INFORMACI\u00d3N<\/p>\n<address><strong>CLUB DE SENDERISMO EM\u00c9RITA AUGUSTA<\/strong><\/address>\n<address><strong>C\/. Villafranca de los Barros s\/n Estadio Romano,Fondo Sur,Sala n\u00ba 3 <\/strong><\/address>\n<address><strong>06800 M\u00c9RIDA<\/strong><\/address>\n<address><strong>Telf. 924388072 \/\/ 607375796<\/strong><\/address>\n<address><strong>Web: <a href=\"http:\/\/www.telefonica.net\/web2\/senderismoemeritaaugusta\" target=\"_blank\" rel=\"external nofollow\">www.telefonica.net\/web2\/<wbr>senderismoemeritaaugusta<\/wbr><\/a><\/strong><\/address>\n<!-- AddThis Advanced Settings generic via filter on the_content --><!-- AddThis Share Buttons generic via filter on the_content -->","protected":false},"excerpt":{"rendered":"<p>&nbsp; El a\u00f1o pasado un grupo de senderistas de M\u00e9rida se desplazaron al Parque Nacional de Monfrag\u00fce en sus coches particulares. Se internaron \u00a0por sus magnificas rutas adaptadas y se\u00f1alizadas, quedando gratamente sorprendidos por el cambio experimentado en sus paisajes. De modo que decidieron volver en la primavera de 2012 \u00a0con m\u00e1s miembros del Club [&hellip;]<!-- AddThis Advanced Settings generic via filter on get_the_excerpt --><!-- AddThis Share Buttons generic via filter on get_the_excerpt --><\/p>\n","protected":false},"author":27,"featured_media":0,"comment_status":"open","ping_status":"closed","sticky":false,"template":"","format":"standard","meta":[],"categories":[4],"tags":[121,211,301,515,713,906,954],"_links":{"self":[{"href":"https:\/\/blogs.hoy.es\/senderosextremadura\/wp-json\/wp\/v2\/posts\/510"}],"collection":[{"href":"https:\/\/blogs.hoy.es\/senderosextremadura\/wp-json\/wp\/v2\/posts"}],"about":[{"href":"https:\/\/blogs.hoy.es\/senderosextremadura\/wp-json\/wp\/v2\/types\/post"}],"author":[{"embeddable":true,"href":"https:\/\/blogs.hoy.es\/senderosextremadura\/wp-json\/wp\/v2\/users\/27"}],"replies":[{"embeddable":true,"href":"https:\/\/blogs.hoy.es\/senderosextremadura\/wp-json\/wp\/v2\/comments?post=510"}],"version-history":[{"count":0,"href":"https:\/\/blogs.hoy.es\/senderosextremadura\/wp-json\/wp\/v2\/posts\/510\/revisions"}],"wp:attachment":[{"href":"https:\/\/blogs.hoy.es\/senderosextremadura\/wp-json\/wp\/v2\/media?parent=510"}],"wp:term":[{"taxonomy":"category","embeddable":true,"href":"https:\/\/blogs.hoy.es\/senderosextremadura\/wp-json\/wp\/v2\/categories?post=510"},{"taxonomy":"post_tag","embeddable":true,"href":"https:\/\/blogs.hoy.es\/senderosextremadura\/wp-json\/wp\/v2\/tags?post=510"}],"curies":[{"name":"wp","href":"https:\/\/api.w.org\/{rel}","templated":true}]}}