{"id":520,"date":"2012-05-10T10:04:56","date_gmt":"2012-05-10T10:04:56","guid":{"rendered":"http:\/\/blogs.hoy.es\/senderosextremadura\/?p=520"},"modified":"2012-05-10T10:04:56","modified_gmt":"2012-05-10T10:04:56","slug":"ii-ruta-ciudad-del-corcho-galeria-de-fotos","status":"publish","type":"post","link":"https:\/\/blogs.hoy.es\/senderosextremadura\/2012\/05\/10\/ii-ruta-ciudad-del-corcho-galeria-de-fotos\/","title":{"rendered":"II Ruta Ciudad del Corcho, en San Vicente de Alc\u00e1ntara (galer\u00eda de fotos)"},"content":{"rendered":"<p>&nbsp;<\/p>\n<p><a href=\"https:\/\/blogs.hoy.es\/senderosextremadura\/2012\/05\/10\/ii-ruta-ciudad-del-corcho-galeria-de-fotos\/gedsc-digital-camera\/\" rel=\"attachment wp-att-521\"><img loading=\"lazy\" class=\"aligncenter size-large wp-image-521\" title=\"GEDSC DIGITAL CAMERA\" src=\"\/senderosextremadura\/wp-content\/uploads\/sites\/22\/2012\/05\/nuevas-senderos-5.jpg\" alt=\"\" width=\"600\" height=\"450\" srcset=\"https:\/\/static-blogs.hoy.es\/wp-content\/uploads\/sites\/22\/2012\/05\/nuevas-senderos-5.jpg 640w, https:\/\/static-blogs.hoy.es\/wp-content\/uploads\/sites\/22\/2012\/05\/nuevas-senderos-5-300x225.jpg 300w, https:\/\/static-blogs.hoy.es\/wp-content\/uploads\/sites\/22\/2012\/05\/nuevas-senderos-5-600x450.jpg 600w\" sizes=\"(max-width: 600px) 100vw, 600px\" \/><\/a><\/p>\n<p><span style=\"font-size: medium;\">Pinos, jaras y alcornoques. Paisaje verde y frondoso de la principal zona extreme\u00f1a productora de corcho, en el entorno de <a href=\"http:\/\/www.hoy.es\/multimedia\/fotos\/ultimos\/98386-ruta-ciudad-corcho-vicente-alcantara-0.html\" rel=\"external nofollow\"><strong>San Vicente de Alc\u00e1ntara<\/strong><\/a>. El Club del Caminante <strong>ACASANVI<\/strong> organiz\u00f3 una ruta el pasado fin de semana en la que participaron unas 140 personas. Aqu\u00ed pod\u00e9is ver algunas de las fotograf\u00edas que hicieron los senderistas de la II Ruta Ciudad del Corcho.<\/span><\/p>\n<p><strong><a href=\"http:\/\/www.hoy.es\/multimedia\/fotos\/ultimos\/98386-ruta-ciudad-corcho-vicente-alcantara-0.html\" rel=\"external nofollow\">GALER\u00cdA DE FOTOS<\/a><\/strong><\/p>\n<!-- AddThis Advanced Settings generic via filter on the_content --><!-- AddThis Share Buttons generic via filter on the_content -->","protected":false},"excerpt":{"rendered":"<p>&nbsp; Pinos, jaras y alcornoques. Paisaje verde y frondoso de la principal zona extreme\u00f1a productora de corcho, en el entorno de San Vicente de Alc\u00e1ntara. El Club del Caminante ACASANVI organiz\u00f3 una ruta el pasado fin de semana en la que participaron unas 140 personas. Aqu\u00ed pod\u00e9is ver algunas de las fotograf\u00edas que hicieron los [&hellip;]<!-- AddThis Advanced Settings generic via filter on get_the_excerpt --><!-- AddThis Share Buttons generic via filter on get_the_excerpt --><\/p>\n","protected":false},"author":27,"featured_media":0,"comment_status":"open","ping_status":"closed","sticky":false,"template":"","format":"standard","meta":[],"categories":[3],"tags":[23,237,713,1054],"_links":{"self":[{"href":"https:\/\/blogs.hoy.es\/senderosextremadura\/wp-json\/wp\/v2\/posts\/520"}],"collection":[{"href":"https:\/\/blogs.hoy.es\/senderosextremadura\/wp-json\/wp\/v2\/posts"}],"about":[{"href":"https:\/\/blogs.hoy.es\/senderosextremadura\/wp-json\/wp\/v2\/types\/post"}],"author":[{"embeddable":true,"href":"https:\/\/blogs.hoy.es\/senderosextremadura\/wp-json\/wp\/v2\/users\/27"}],"replies":[{"embeddable":true,"href":"https:\/\/blogs.hoy.es\/senderosextremadura\/wp-json\/wp\/v2\/comments?post=520"}],"version-history":[{"count":0,"href":"https:\/\/blogs.hoy.es\/senderosextremadura\/wp-json\/wp\/v2\/posts\/520\/revisions"}],"wp:attachment":[{"href":"https:\/\/blogs.hoy.es\/senderosextremadura\/wp-json\/wp\/v2\/media?parent=520"}],"wp:term":[{"taxonomy":"category","embeddable":true,"href":"https:\/\/blogs.hoy.es\/senderosextremadura\/wp-json\/wp\/v2\/categories?post=520"},{"taxonomy":"post_tag","embeddable":true,"href":"https:\/\/blogs.hoy.es\/senderosextremadura\/wp-json\/wp\/v2\/tags?post=520"}],"curies":[{"name":"wp","href":"https:\/\/api.w.org\/{rel}","templated":true}]}}