{"id":523,"date":"2012-05-10T10:30:31","date_gmt":"2012-05-10T10:30:31","guid":{"rendered":"http:\/\/blogs.hoy.es\/senderosextremadura\/?p=523"},"modified":"2012-05-10T10:30:31","modified_gmt":"2012-05-10T10:30:31","slug":"ruta-monfortinho-penha-garcia-salvador-12-de-mayo","status":"publish","type":"post","link":"https:\/\/blogs.hoy.es\/senderosextremadura\/2012\/05\/10\/ruta-monfortinho-penha-garcia-salvador-12-de-mayo\/","title":{"rendered":"Ruta Monfortinho-Penha Garc\u00eda-Salvador (12 de mayo)"},"content":{"rendered":"<p><strong><a href=\"https:\/\/blogs.hoy.es\/senderosextremadura\/2012\/05\/10\/ruta-monfortinho-penha-garcia-salvador-12-de-mayo\/montaneros-2\/\" rel=\"attachment wp-att-524\"><img loading=\"lazy\" class=\"aligncenter size-large wp-image-524\" title=\"montaneros\" src=\"\/senderosextremadura\/wp-content\/uploads\/sites\/22\/2012\/05\/montaneros.jpg\" alt=\"\" width=\"600\" height=\"153\" srcset=\"https:\/\/static-blogs.hoy.es\/wp-content\/uploads\/sites\/22\/2012\/05\/montaneros.jpg 780w, https:\/\/static-blogs.hoy.es\/wp-content\/uploads\/sites\/22\/2012\/05\/montaneros-300x77.jpg 300w, https:\/\/static-blogs.hoy.es\/wp-content\/uploads\/sites\/22\/2012\/05\/montaneros-768x197.jpg 768w, https:\/\/static-blogs.hoy.es\/wp-content\/uploads\/sites\/22\/2012\/05\/montaneros-600x154.jpg 600w\" sizes=\"(max-width: 600px) 100vw, 600px\" \/><\/a><\/strong><\/p>\n<p><span style=\"font-size: large;\"><strong>Monta\u00f1eros de Monfrag\u00fce<\/strong> vuelve este fin de semana a Portugal. Los caminantes har\u00e1n la ruta Monfortinho- Penha Garc\u00eda- Salvador el s\u00e1bado d\u00eda 12. Se trata de una marcha de <strong>24 kil\u00f3metros<\/strong> con unos 1.200 de kil\u00f3metros de desnivel. Se saldr\u00e1 a las ocho de la ma\u00f1ana desde el aparcamiento de autobuses plaza Obispo Galarza de C\u00e1ceres. Como siempre, recomiendan llevar\u00a0 algo de ropa de abrigo, gorra, chubasquero.<\/span><\/p>\n<!-- AddThis Advanced Settings generic via filter on the_content --><!-- AddThis Share Buttons generic via filter on the_content -->","protected":false},"excerpt":{"rendered":"<p>Monta\u00f1eros de Monfrag\u00fce vuelve este fin de semana a Portugal. Los caminantes har\u00e1n la ruta Monfortinho- Penha Garc\u00eda- Salvador el s\u00e1bado d\u00eda 12. Se trata de una marcha de 24 kil\u00f3metros con unos 1.200 de kil\u00f3metros de desnivel. Se saldr\u00e1 a las ocho de la ma\u00f1ana desde el aparcamiento de autobuses plaza Obispo Galarza de [&hellip;]<!-- AddThis Advanced Settings generic via filter on get_the_excerpt --><!-- AddThis Share Buttons generic via filter on get_the_excerpt --><\/p>\n","protected":false},"author":27,"featured_media":0,"comment_status":"open","ping_status":"closed","sticky":false,"template":"","format":"standard","meta":[],"categories":[4],"tags":[121,515,524,646,713,906],"_links":{"self":[{"href":"https:\/\/blogs.hoy.es\/senderosextremadura\/wp-json\/wp\/v2\/posts\/523"}],"collection":[{"href":"https:\/\/blogs.hoy.es\/senderosextremadura\/wp-json\/wp\/v2\/posts"}],"about":[{"href":"https:\/\/blogs.hoy.es\/senderosextremadura\/wp-json\/wp\/v2\/types\/post"}],"author":[{"embeddable":true,"href":"https:\/\/blogs.hoy.es\/senderosextremadura\/wp-json\/wp\/v2\/users\/27"}],"replies":[{"embeddable":true,"href":"https:\/\/blogs.hoy.es\/senderosextremadura\/wp-json\/wp\/v2\/comments?post=523"}],"version-history":[{"count":0,"href":"https:\/\/blogs.hoy.es\/senderosextremadura\/wp-json\/wp\/v2\/posts\/523\/revisions"}],"wp:attachment":[{"href":"https:\/\/blogs.hoy.es\/senderosextremadura\/wp-json\/wp\/v2\/media?parent=523"}],"wp:term":[{"taxonomy":"category","embeddable":true,"href":"https:\/\/blogs.hoy.es\/senderosextremadura\/wp-json\/wp\/v2\/categories?post=523"},{"taxonomy":"post_tag","embeddable":true,"href":"https:\/\/blogs.hoy.es\/senderosextremadura\/wp-json\/wp\/v2\/tags?post=523"}],"curies":[{"name":"wp","href":"https:\/\/api.w.org\/{rel}","templated":true}]}}