{"id":526,"date":"2012-05-11T10:30:55","date_gmt":"2012-05-11T10:30:55","guid":{"rendered":"http:\/\/blogs.hoy.es\/senderosextremadura\/?p=526"},"modified":"2012-05-11T10:30:55","modified_gmt":"2012-05-11T10:30:55","slug":"camino-rociero-simbolico-desde-badajoz-13-de-mayo","status":"publish","type":"post","link":"https:\/\/blogs.hoy.es\/senderosextremadura\/2012\/05\/11\/camino-rociero-simbolico-desde-badajoz-13-de-mayo\/","title":{"rendered":"Camino rociero simb\u00f3lico desde Badajoz (13 de mayo)"},"content":{"rendered":"<p><a href=\"https:\/\/blogs.hoy.es\/senderosextremadura\/2012\/05\/11\/camino-rociero-simbolico-desde-badajoz-13-de-mayo\/camino\/\" rel=\"attachment wp-att-528\"><img loading=\"lazy\" class=\"aligncenter size-large wp-image-528\" title=\"camino\" src=\"\/senderosextremadura\/wp-content\/uploads\/sites\/22\/2012\/05\/camino.jpg\" alt=\"\" width=\"600\" height=\"337\" srcset=\"https:\/\/static-blogs.hoy.es\/wp-content\/uploads\/sites\/22\/2012\/05\/camino.jpg 720w, https:\/\/static-blogs.hoy.es\/wp-content\/uploads\/sites\/22\/2012\/05\/camino-300x169.jpg 300w, https:\/\/static-blogs.hoy.es\/wp-content\/uploads\/sites\/22\/2012\/05\/camino-600x338.jpg 600w\" sizes=\"(max-width: 600px) 100vw, 600px\" \/><\/a><\/p>\n<p>El camino hacia El Roc\u00edo comienza en Badajoz, al menos para los miembros dela Hermandadpacense de esta Virgen. El pr\u00f3ximo domingo d\u00eda 13 de mayo los devotos dela Virgendel Roc\u00edo tienen una cita con la tradici\u00f3n. Esta agrupaci\u00f3n ha decidido volver a organizar, despu\u00e9s de 12 a\u00f1os sin hacerlo, una ruta simb\u00f3lica que simula el inicio de la peregrinaci\u00f3n a esta aldea almonte\u00f1a.<\/p>\n<p>Los fieles tienen previsto reunirse este domingo a las 9.30 horas en la iglesia San Agust\u00edn, donde asistir\u00e1n a una misa cantada. Tras este acto religioso, los asistentes disfrutar\u00e1n de un desayuno en la puerta de la iglesia y posteriormente se dirigir\u00e1n a la ermita dela Soledad, donde realizar\u00e1n una ofrenda floral a la patrona de Badajoz. Desde all\u00ed se encaminar\u00e1n hacia el cuartel de Sancha Brava pasando por la plaza de Minayo, la avenida de Europa, Dami\u00e1n T\u00e9llez dela Fuentey la carretera de Valverde hasta las Vaguadas.<\/p>\n<p>Est\u00e1 previsto que los caminantes lleguen al cuartel alrededor de las 14 horas. Una vez all\u00ed celebrar\u00e1n una jornada de convivencia en la que los participantes compartir\u00e1n los platos de comida que hayan preparado previamente. \u00abHaremos garbanzos para unas 250 personas, aunque cada uno llevar\u00e1 algo. La actividad est\u00e1 abierta para todo el mundo. Puede venir todo aquel que lo desee, aunque no pertenezca a la hermandad\u00bb, explica Antonio Mar\u00eda Espino Mir\u00f3n, alcalde de Carretas Conjunto.<\/p>\n<p>El objetivo de desarrollar este camino simb\u00f3lico es mostrar a la sociedad pacense c\u00f3mo los rocieros viven el trayecto hasta El Roc\u00edo. Por ello, la mayor\u00eda de los que secundan esta iniciativa acuden vestidos con la ropa tradicional que llevan durante la romer\u00eda: los hombres van con traje corto y las mujeres con indumentaria flamenca. \u00abAl contrario de una hermandad de penitencia, en la que destaca la sobriedad y el recogimiento, nuestra agrupaci\u00f3n lleva a cabo la peregrinaci\u00f3n con alegr\u00eda y felicidad\u00bb, indica Espino.<\/p>\n<p>La hermandad comenz\u00f3 a efectuar este camino simb\u00f3lico en el a\u00f1o 1990, fecha en la que se fund\u00f3 esta instituci\u00f3n. La actividad se estuvo desarrollando hasta el a\u00f1o 1999. Un a\u00f1o despu\u00e9s no pudo llevarse a cabo por problemas con las fechas. \u00abVarios hermanos estaban muy interesados en retomar esta tradici\u00f3n y este a\u00f1o por fin vamos a hacerlo\u00bb, apunta.<\/p>\n<p>Tania Ag\u00fandez<\/p>\n<!-- AddThis Advanced Settings generic via filter on the_content --><!-- AddThis Share Buttons generic via filter on the_content -->","protected":false},"excerpt":{"rendered":"<p>El camino hacia El Roc\u00edo comienza en Badajoz, al menos para los miembros dela Hermandadpacense de esta Virgen. El pr\u00f3ximo domingo d\u00eda 13 de mayo los devotos dela Virgendel Roc\u00edo tienen una cita con la tradici\u00f3n. Esta agrupaci\u00f3n ha decidido volver a organizar, despu\u00e9s de 12 a\u00f1os sin hacerlo, una ruta simb\u00f3lica que simula el [&hellip;]<!-- AddThis Advanced Settings generic via filter on get_the_excerpt --><!-- AddThis Share Buttons generic via filter on get_the_excerpt --><\/p>\n","protected":false},"author":27,"featured_media":0,"comment_status":"open","ping_status":"closed","sticky":false,"template":"","format":"standard","meta":[],"categories":[4],"tags":[86,395,713,954],"_links":{"self":[{"href":"https:\/\/blogs.hoy.es\/senderosextremadura\/wp-json\/wp\/v2\/posts\/526"}],"collection":[{"href":"https:\/\/blogs.hoy.es\/senderosextremadura\/wp-json\/wp\/v2\/posts"}],"about":[{"href":"https:\/\/blogs.hoy.es\/senderosextremadura\/wp-json\/wp\/v2\/types\/post"}],"author":[{"embeddable":true,"href":"https:\/\/blogs.hoy.es\/senderosextremadura\/wp-json\/wp\/v2\/users\/27"}],"replies":[{"embeddable":true,"href":"https:\/\/blogs.hoy.es\/senderosextremadura\/wp-json\/wp\/v2\/comments?post=526"}],"version-history":[{"count":0,"href":"https:\/\/blogs.hoy.es\/senderosextremadura\/wp-json\/wp\/v2\/posts\/526\/revisions"}],"wp:attachment":[{"href":"https:\/\/blogs.hoy.es\/senderosextremadura\/wp-json\/wp\/v2\/media?parent=526"}],"wp:term":[{"taxonomy":"category","embeddable":true,"href":"https:\/\/blogs.hoy.es\/senderosextremadura\/wp-json\/wp\/v2\/categories?post=526"},{"taxonomy":"post_tag","embeddable":true,"href":"https:\/\/blogs.hoy.es\/senderosextremadura\/wp-json\/wp\/v2\/tags?post=526"}],"curies":[{"name":"wp","href":"https:\/\/api.w.org\/{rel}","templated":true}]}}