{"id":529,"date":"2012-05-13T19:45:17","date_gmt":"2012-05-13T19:45:17","guid":{"rendered":"http:\/\/blogs.hoy.es\/senderosextremadura\/?p=529"},"modified":"2012-05-13T19:45:17","modified_gmt":"2012-05-13T19:45:17","slug":"ruta-al-yacimiento-de-nertobriga-20-de-mayo","status":"publish","type":"post","link":"https:\/\/blogs.hoy.es\/senderosextremadura\/2012\/05\/13\/ruta-al-yacimiento-de-nertobriga-20-de-mayo\/","title":{"rendered":"Ruta al yacimiento de Nert\u00f3briga (20 de mayo)"},"content":{"rendered":"<p><span style=\"font-size: medium;\"><a href=\"https:\/\/blogs.hoy.es\/senderosextremadura\/2012\/05\/13\/ruta-al-yacimiento-de-nertobriga-20-de-mayo\/nertobriga\/\" rel=\"attachment wp-att-531\"><img loading=\"lazy\" class=\"size-full wp-image-531 alignleft\" src=\"\/senderosextremadura\/wp-content\/uploads\/sites\/22\/2012\/05\/nertobriga.jpg\" alt=\"Yacimiento de Nert\u00f3briga\" width=\"300\" height=\"225\" \/><\/a>La <strong>Asociaci\u00f3nde Senderismo Tomillo y Or\u00e9gano de Llerena<\/strong> realizar\u00e1 el pr\u00f3ximo 20 de mayo la ruta de <a href=\"http:\/\/www.hoyfregenal.es\/actualidad\/2010-08-25\/nertobriga-muestra-acropolis-edificio-alto-1438.html\" rel=\"external nofollow\"><strong>Nert\u00f3bliga<\/strong><\/a>. La marcha hasta el yacimiento arqueol\u00f3gico tiene15 kil\u00f3metrosde escasa dificultad. Los caminantes que participan en la ruta con la asociaci\u00f3n saldr\u00e1n a las ocho de la ma\u00f1ana desde Llerena. El desplazamiento se realiza en coches particulares.<\/span><\/p>\n<p><span style=\"font-size: medium;\">El yacimiento arqueol\u00f3gico de <strong>Nert\u00f3briga Concordia Iulia<\/strong> est\u00e1 ubicado en el t\u00e9rmino municipal de <strong>Fregenal de la Sierra<\/strong> (Badajoz). Desde una altura de 681 metros se dominan varias decenas de kil\u00f3metros al norte y, al menos, una veintena hacia el sur y este, abarcando todos los pueblos actuales que lo rodean. Ocupa, por tanto, una posici\u00f3n estrat\u00e9gica entre los r\u00edos <strong>Sillo y \u00c1lamo<\/strong>, junto a la mayor concentraci\u00f3n de minas de hierro de la comarca y sobre la Real Ca\u00f1ada Soriana, reflejo de lo que fue una importante v\u00eda protohist\u00f3rica de comunicaci\u00f3n en la pen\u00ednsula.<\/span><\/p>\n<!-- AddThis Advanced Settings generic via filter on the_content --><!-- AddThis Share Buttons generic via filter on the_content -->","protected":false},"excerpt":{"rendered":"<p>La Asociaci\u00f3nde Senderismo Tomillo y Or\u00e9gano de Llerena realizar\u00e1 el pr\u00f3ximo 20 de mayo la ruta de Nert\u00f3bliga. La marcha hasta el yacimiento arqueol\u00f3gico tiene15 kil\u00f3metrosde escasa dificultad. Los caminantes que participan en la ruta con la asociaci\u00f3n saldr\u00e1n a las ocho de la ma\u00f1ana desde Llerena. El desplazamiento se realiza en coches particulares. El [&hellip;]<!-- AddThis Advanced Settings generic via filter on get_the_excerpt --><!-- AddThis Share Buttons generic via filter on get_the_excerpt --><\/p>\n","protected":false},"author":27,"featured_media":0,"comment_status":"open","ping_status":"closed","sticky":false,"template":"","format":"standard","meta":[],"categories":[4],"tags":[86,301,322,453,567,591,713,904,942,1017],"_links":{"self":[{"href":"https:\/\/blogs.hoy.es\/senderosextremadura\/wp-json\/wp\/v2\/posts\/529"}],"collection":[{"href":"https:\/\/blogs.hoy.es\/senderosextremadura\/wp-json\/wp\/v2\/posts"}],"about":[{"href":"https:\/\/blogs.hoy.es\/senderosextremadura\/wp-json\/wp\/v2\/types\/post"}],"author":[{"embeddable":true,"href":"https:\/\/blogs.hoy.es\/senderosextremadura\/wp-json\/wp\/v2\/users\/27"}],"replies":[{"embeddable":true,"href":"https:\/\/blogs.hoy.es\/senderosextremadura\/wp-json\/wp\/v2\/comments?post=529"}],"version-history":[{"count":0,"href":"https:\/\/blogs.hoy.es\/senderosextremadura\/wp-json\/wp\/v2\/posts\/529\/revisions"}],"wp:attachment":[{"href":"https:\/\/blogs.hoy.es\/senderosextremadura\/wp-json\/wp\/v2\/media?parent=529"}],"wp:term":[{"taxonomy":"category","embeddable":true,"href":"https:\/\/blogs.hoy.es\/senderosextremadura\/wp-json\/wp\/v2\/categories?post=529"},{"taxonomy":"post_tag","embeddable":true,"href":"https:\/\/blogs.hoy.es\/senderosextremadura\/wp-json\/wp\/v2\/tags?post=529"}],"curies":[{"name":"wp","href":"https:\/\/api.w.org\/{rel}","templated":true}]}}