{"id":535,"date":"2012-05-14T08:47:23","date_gmt":"2012-05-14T08:47:23","guid":{"rendered":"http:\/\/blogs.hoy.es\/senderosextremadura\/?p=535"},"modified":"2012-05-14T08:47:23","modified_gmt":"2012-05-14T08:47:23","slug":"de-zarza-la-mayor-a-salvaterra-do-extremo-20-de-mayo","status":"publish","type":"post","link":"https:\/\/blogs.hoy.es\/senderosextremadura\/2012\/05\/14\/de-zarza-la-mayor-a-salvaterra-do-extremo-20-de-mayo\/","title":{"rendered":"Ruta transfronteriza de Zarza la Mayor a Salvaterra do Extremo (20 de mayo)"},"content":{"rendered":"<p><span style=\"font-size: large;\"><span style=\"font-family: 'Times New Roman';\"><a href=\"https:\/\/blogs.hoy.es\/senderosextremadura\/2012\/05\/14\/de-zarza-la-mayor-a-salvaterra-do-extremo-20-de-mayo\/nenes\/\" rel=\"attachment wp-att-537\"><img loading=\"lazy\" class=\"size-full wp-image-537 alignleft\" title=\"nenes\" src=\"\/senderosextremadura\/wp-content\/uploads\/sites\/22\/2012\/05\/nenes.jpg\" alt=\"\" width=\"259\" height=\"347\" srcset=\"https:\/\/static-blogs.hoy.es\/wp-content\/uploads\/sites\/22\/2012\/05\/nenes.jpg 259w, https:\/\/static-blogs.hoy.es\/wp-content\/uploads\/sites\/22\/2012\/05\/nenes-224x300.jpg 224w\" sizes=\"(max-width: 259px) 100vw, 259px\" \/><\/a><\/span><\/span><span style=\"font-size: large;\"><span style=\"font-family: 'Times New Roman';\">La III<\/span> \u00a0\u00a0<strong><strong><span style=\"font-family: 'Times New Roman';\">Ruta del Contrabando Transfronteriza<\/span><\/strong><\/strong> se celebrar\u00e1 en <strong><strong><span style=\"font-family: 'Times New Roman';\"><a href=\"http:\/\/www.zarzalamayor.com\/\" target=\"_blank\" rel=\"external nofollow\">Zarza la Mayor<\/a><\/span><\/strong><\/strong> el d\u00eda<strong><strong><span style=\"font-family: 'Times New Roman';\">\u00a020 de mayo. La salida tendr\u00e1 lugar en<\/span><\/strong><\/strong>\u00a0la Plaza Mayor a las<strong><strong><span style=\"font-family: 'Times New Roman';\"> 10 horas<\/span><\/strong><\/strong>. La ruta es lineal con ida y vuelta de <strong><strong><span style=\"font-family: 'Times New Roman';\">16 kil\u00f3metros<\/span><\/strong><\/strong> aproximadamente, uniendo la localidad extreme\u00f1a de<strong><strong><span style=\"font-family: 'Times New Roman';\"> Zarza la Mayor<\/span><\/strong><\/strong> y la portuguesa de <strong><strong><span style=\"font-family: 'Times New Roman';\">Salvaterra do Extremo, <\/span><\/strong><\/strong><strong><strong><span style=\"font-family: 'Times New Roman';\">donde los contrabandistas realizaban sus labores, principalmente con el caf\u00e9. <\/span><\/strong><\/strong>Cabe destacar que esta Ruta rememora el contrabando enla Raya entre Extremadura y Portugal. Est\u00e1 incluida en el circuito extreme\u00f1o de rutas senderistas y est\u00e1 organizada por el Programa de Dinamizaci\u00f3n Deportiva dela Mancomunidad Rivera de Fresnedosa y el Ayuntamiento de Zarza con la colaboraci\u00f3n de &#8220;Turismo Extremadura&#8221;.<\/span><\/p>\n<p><span style=\"font-family: 'Times New Roman'; font-size: large;\">La <strong><strong><span style=\"font-family: 'Times New Roman';\">cuota de participaci\u00f3n<\/span><\/strong><\/strong> es de <strong><strong><span style=\"font-family: 'Times New Roman';\">4 euros<\/span><\/strong><\/strong> por persona, incluye camiseta y gorra conmemorativa, avituallamiento, seguro de accidente y pincho final. Los interesados deben ingresar el dinero en la cuenta de la Mancomunidad Integral &#8216;Rivera de Fresnedosa&#8217; n\u00ba 2099.0112.09.0071276516 haciendo constar tu nombre y la palabra \u201ctransfronteriza\u201d. El <strong><strong><span style=\"font-family: 'Times New Roman';\">plazo de inscripci\u00f3n<\/span><\/strong><\/strong> permanecer\u00e1 abierto<strong><strong><span style=\"font-family: 'Times New Roman';\"> hasta el 18 de mayo a las 12 horas<\/span><\/strong><\/strong> o hasta que se alcance el m\u00e1ximo de participantes que ser\u00e1 de 180 personas.<\/span><\/p>\n<p><span style=\"font-family: 'Times New Roman'; font-size: large;\">\u00a0M\u00e1s informaci\u00f3n en la p\u00e1gina web: <strong><a title=\"http:\/\/www.riveradefresnedosa.es\/\" href=\"http:\/\/www.riveradefresnedosa.es\/\" rel=\"external nofollow\">http:\/\/www.riveradefresnedosa.es\/<\/a><\/strong><\/span><\/p>\n<!-- AddThis Advanced Settings generic via filter on the_content --><!-- AddThis Share Buttons generic via filter on the_content -->","protected":false},"excerpt":{"rendered":"<p>La III \u00a0\u00a0Ruta del Contrabando Transfronteriza se celebrar\u00e1 en Zarza la Mayor el d\u00eda\u00a020 de mayo. La salida tendr\u00e1 lugar en\u00a0la Plaza Mayor a las 10 horas. La ruta es lineal con ida y vuelta de 16 kil\u00f3metros aproximadamente, uniendo la localidad extreme\u00f1a de Zarza la Mayor y la portuguesa de Salvaterra do Extremo, donde [&hellip;]<!-- AddThis Advanced Settings generic via filter on get_the_excerpt --><!-- AddThis Share Buttons generic via filter on get_the_excerpt --><\/p>\n","protected":false},"author":27,"featured_media":0,"comment_status":"open","ping_status":"closed","sticky":false,"template":"","format":"standard","meta":[],"categories":[4],"tags":[405,479,487,1010,1116],"_links":{"self":[{"href":"https:\/\/blogs.hoy.es\/senderosextremadura\/wp-json\/wp\/v2\/posts\/535"}],"collection":[{"href":"https:\/\/blogs.hoy.es\/senderosextremadura\/wp-json\/wp\/v2\/posts"}],"about":[{"href":"https:\/\/blogs.hoy.es\/senderosextremadura\/wp-json\/wp\/v2\/types\/post"}],"author":[{"embeddable":true,"href":"https:\/\/blogs.hoy.es\/senderosextremadura\/wp-json\/wp\/v2\/users\/27"}],"replies":[{"embeddable":true,"href":"https:\/\/blogs.hoy.es\/senderosextremadura\/wp-json\/wp\/v2\/comments?post=535"}],"version-history":[{"count":0,"href":"https:\/\/blogs.hoy.es\/senderosextremadura\/wp-json\/wp\/v2\/posts\/535\/revisions"}],"wp:attachment":[{"href":"https:\/\/blogs.hoy.es\/senderosextremadura\/wp-json\/wp\/v2\/media?parent=535"}],"wp:term":[{"taxonomy":"category","embeddable":true,"href":"https:\/\/blogs.hoy.es\/senderosextremadura\/wp-json\/wp\/v2\/categories?post=535"},{"taxonomy":"post_tag","embeddable":true,"href":"https:\/\/blogs.hoy.es\/senderosextremadura\/wp-json\/wp\/v2\/tags?post=535"}],"curies":[{"name":"wp","href":"https:\/\/api.w.org\/{rel}","templated":true}]}}