{"id":538,"date":"2012-05-14T10:06:35","date_gmt":"2012-05-14T10:06:35","guid":{"rendered":"http:\/\/blogs.hoy.es\/senderosextremadura\/?p=538"},"modified":"2012-05-14T10:06:35","modified_gmt":"2012-05-14T10:06:35","slug":"i-ruta-valle-loboso-en-nogales-20-de-mayo","status":"publish","type":"post","link":"https:\/\/blogs.hoy.es\/senderosextremadura\/2012\/05\/14\/i-ruta-valle-loboso-en-nogales-20-de-mayo\/","title":{"rendered":"I Ruta Valle Loboso, en Nogales (20 de mayo)"},"content":{"rendered":"<p><span style=\"font-size: large;\"><a href=\"https:\/\/blogs.hoy.es\/senderosextremadura\/2012\/05\/14\/i-ruta-valle-loboso-en-nogales-20-de-mayo\/ruta-loboso\/\" rel=\"attachment wp-att-540\"><img loading=\"lazy\" class=\"alignleft size-large wp-image-540\" title=\"ruta-loboso\" src=\"\/senderosextremadura\/wp-content\/uploads\/sites\/22\/2012\/05\/ruta-loboso.jpg\" alt=\"\" width=\"360\" height=\"496\" srcset=\"https:\/\/static-blogs.hoy.es\/wp-content\/uploads\/sites\/22\/2012\/05\/ruta-loboso.jpg 1091w, https:\/\/static-blogs.hoy.es\/wp-content\/uploads\/sites\/22\/2012\/05\/ruta-loboso-218x300.jpg 218w, https:\/\/static-blogs.hoy.es\/wp-content\/uploads\/sites\/22\/2012\/05\/ruta-loboso-768x1059.jpg 768w, https:\/\/static-blogs.hoy.es\/wp-content\/uploads\/sites\/22\/2012\/05\/ruta-loboso-600x827.jpg 600w\" sizes=\"(max-width: 360px) 100vw, 360px\" \/><\/a>La localidad pacense de Nogales (de unos 750 habitantes) acoger\u00e1 el 20 de mayo la <strong>I Ruta Valle Loboso<\/strong>. La salida de los caminantes tendr\u00e1 lugar a las ocho de la ma\u00f1ana desde el castillo. Con un dificultad baja se recorrer\u00e1n 15,2 kil\u00f3metros, unas cuatro horas de marcha. La ruta est\u00e1 organizada por la <strong><a href=\"http:\/\/www.miranete.es\/\" target=\"_blank\" rel=\"external nofollow\">Asociaci\u00f3n Festera Miranete<\/a><\/strong> y colabora el Ayuntamiento de la localidad.<\/span><\/p>\n<p><span style=\"font-size: large;\"><strong>RECORRIDO<\/strong><\/span><\/p>\n<p><span style=\"font-size: large;\">El castillo de Nogales marcar\u00e1 el inicio de la ruta. La marcha se dirige despu\u00e9s hacia la ribera del Limonete, las ruinas de la ermita de San Juan, el regato de los moriscos, siguiendo por los valles loboso y mal paso. A continuaci\u00f3n se llega al paraje de los doce ap\u00f3stoles \u2013mitad del recorrido y avituallamiento- para seguir por las cascadas de Los Ca\u00f1os, el camino dela Sierra de Monsalud y terminar enla Plaza de Espa\u00f1a.<\/span><\/p>\n<p><span style=\"font-size: large;\">La inscripci\u00f3n es gratuita. Puede hacerse a trav\u00e9s de los tel\u00e9fonos\u00a0 924481201 \u00a0y \u00a0619284774, o bien enviando un correo\u00a0 a <a href=\"mailto:antonio@miranete.es\">antonio@miranete.es<\/a><\/span><\/p>\n<p><span style=\"font-size: large;\">\u00a0Tel\u00e9fono en ruta <strong>\u00a0619284774<\/strong><\/span><\/p>\n<!-- AddThis Advanced Settings generic via filter on the_content --><!-- AddThis Share Buttons generic via filter on the_content -->","protected":false},"excerpt":{"rendered":"<p>La localidad pacense de Nogales (de unos 750 habitantes) acoger\u00e1 el 20 de mayo la I Ruta Valle Loboso. La salida de los caminantes tendr\u00e1 lugar a las ocho de la ma\u00f1ana desde el castillo. Con un dificultad baja se recorrer\u00e1n 15,2 kil\u00f3metros, unas cuatro horas de marcha. La ruta est\u00e1 organizada por la Asociaci\u00f3n [&hellip;]<!-- AddThis Advanced Settings generic via filter on get_the_excerpt --><!-- AddThis Share Buttons generic via filter on get_the_excerpt --><\/p>\n","protected":false},"author":27,"featured_media":0,"comment_status":"open","ping_status":"closed","sticky":false,"template":"","format":"standard","meta":[],"categories":[4],"tags":[86,292,480,575,643,713],"_links":{"self":[{"href":"https:\/\/blogs.hoy.es\/senderosextremadura\/wp-json\/wp\/v2\/posts\/538"}],"collection":[{"href":"https:\/\/blogs.hoy.es\/senderosextremadura\/wp-json\/wp\/v2\/posts"}],"about":[{"href":"https:\/\/blogs.hoy.es\/senderosextremadura\/wp-json\/wp\/v2\/types\/post"}],"author":[{"embeddable":true,"href":"https:\/\/blogs.hoy.es\/senderosextremadura\/wp-json\/wp\/v2\/users\/27"}],"replies":[{"embeddable":true,"href":"https:\/\/blogs.hoy.es\/senderosextremadura\/wp-json\/wp\/v2\/comments?post=538"}],"version-history":[{"count":0,"href":"https:\/\/blogs.hoy.es\/senderosextremadura\/wp-json\/wp\/v2\/posts\/538\/revisions"}],"wp:attachment":[{"href":"https:\/\/blogs.hoy.es\/senderosextremadura\/wp-json\/wp\/v2\/media?parent=538"}],"wp:term":[{"taxonomy":"category","embeddable":true,"href":"https:\/\/blogs.hoy.es\/senderosextremadura\/wp-json\/wp\/v2\/categories?post=538"},{"taxonomy":"post_tag","embeddable":true,"href":"https:\/\/blogs.hoy.es\/senderosextremadura\/wp-json\/wp\/v2\/tags?post=538"}],"curies":[{"name":"wp","href":"https:\/\/api.w.org\/{rel}","templated":true}]}}