{"id":541,"date":"2012-05-15T09:45:43","date_gmt":"2012-05-15T09:45:43","guid":{"rendered":"http:\/\/blogs.hoy.es\/senderosextremadura\/?p=541"},"modified":"2012-05-15T09:45:43","modified_gmt":"2012-05-15T09:45:43","slug":"cerro-gimio-y-castillo-de-monfrague","status":"publish","type":"post","link":"https:\/\/blogs.hoy.es\/senderosextremadura\/2012\/05\/15\/cerro-gimio-y-castillo-de-monfrague\/","title":{"rendered":"Cerro Gimio y Castillo de Monfrag\u00fce (20 de mayo)"},"content":{"rendered":"<p><span style=\"font-size: large;\"><a href=\"https:\/\/blogs.hoy.es\/senderosextremadura\/2012\/05\/15\/cerro-gimio-y-castillo-de-monfrague\/monfra-3\/\" rel=\"attachment wp-att-543\"><img loading=\"lazy\" class=\"alignleft size-medium wp-image-543\" title=\"monfra\" src=\"\/senderosextremadura\/wp-content\/uploads\/sites\/22\/2012\/05\/monfra.jpg\" alt=\"\" width=\"259\" height=\"338\" srcset=\"https:\/\/static-blogs.hoy.es\/wp-content\/uploads\/sites\/22\/2012\/05\/monfra.jpg 1000w, https:\/\/static-blogs.hoy.es\/wp-content\/uploads\/sites\/22\/2012\/05\/monfra-231x300.jpg 231w, https:\/\/static-blogs.hoy.es\/wp-content\/uploads\/sites\/22\/2012\/05\/monfra-768x998.jpg 768w, https:\/\/static-blogs.hoy.es\/wp-content\/uploads\/sites\/22\/2012\/05\/monfra-600x780.jpg 600w\" sizes=\"(max-width: 259px) 100vw, 259px\" \/><\/a>El <strong>Club del Caminante de Badajoz<\/strong> vuelve este fin de semana al <strong>Parque Nacional de Monfrag\u00fce<\/strong>. En esta ocasi\u00f3n recorrer\u00e1n <strong>Cerro Gimio<\/strong> y llegar\u00e1n al Castillo, con sus espectaculares vistas sobre el r\u00edo Tajo. El d\u00eda 20 realizar\u00e1n una ruta de <strong>17 kil\u00f3metros<\/strong> y dificultad media. La hora de salida ser\u00e1 a las 7 de la ma\u00f1ana, como siempre, desde el ancla de Santa Marina de la capital pacense. Las inscripciones pueden realizarse hasta el 17 de mayo. Los socios pagar\u00e1n 13 euros y los no socios, 23.<\/span><\/p>\n<p><a href=\"www.clubcaminantebadajoz.com\" target=\"_blank\"><strong>www.clubcaminantebadajoz.com<\/strong><\/a><\/p>\n<p><strong>ccaminantebadajoz@gmail.com<\/strong><\/p>\n<p>924223228<\/p>\n<p>639911512<\/p>\n<!-- AddThis Advanced Settings generic via filter on the_content --><!-- AddThis Share Buttons generic via filter on the_content -->","protected":false},"excerpt":{"rendered":"<p>El Club del Caminante de Badajoz vuelve este fin de semana al Parque Nacional de Monfrag\u00fce. En esta ocasi\u00f3n recorrer\u00e1n Cerro Gimio y llegar\u00e1n al Castillo, con sus espectaculares vistas sobre el r\u00edo Tajo. El d\u00eda 20 realizar\u00e1n una ruta de 17 kil\u00f3metros y dificultad media. La hora de salida ser\u00e1 a las 7 de [&hellip;]<!-- AddThis Advanced Settings generic via filter on get_the_excerpt --><!-- AddThis Share Buttons generic via filter on get_the_excerpt --><\/p>\n","protected":false},"author":27,"featured_media":0,"comment_status":"open","ping_status":"closed","sticky":false,"template":"","format":"standard","meta":[],"categories":[4],"tags":[121,301,515],"_links":{"self":[{"href":"https:\/\/blogs.hoy.es\/senderosextremadura\/wp-json\/wp\/v2\/posts\/541"}],"collection":[{"href":"https:\/\/blogs.hoy.es\/senderosextremadura\/wp-json\/wp\/v2\/posts"}],"about":[{"href":"https:\/\/blogs.hoy.es\/senderosextremadura\/wp-json\/wp\/v2\/types\/post"}],"author":[{"embeddable":true,"href":"https:\/\/blogs.hoy.es\/senderosextremadura\/wp-json\/wp\/v2\/users\/27"}],"replies":[{"embeddable":true,"href":"https:\/\/blogs.hoy.es\/senderosextremadura\/wp-json\/wp\/v2\/comments?post=541"}],"version-history":[{"count":0,"href":"https:\/\/blogs.hoy.es\/senderosextremadura\/wp-json\/wp\/v2\/posts\/541\/revisions"}],"wp:attachment":[{"href":"https:\/\/blogs.hoy.es\/senderosextremadura\/wp-json\/wp\/v2\/media?parent=541"}],"wp:term":[{"taxonomy":"category","embeddable":true,"href":"https:\/\/blogs.hoy.es\/senderosextremadura\/wp-json\/wp\/v2\/categories?post=541"},{"taxonomy":"post_tag","embeddable":true,"href":"https:\/\/blogs.hoy.es\/senderosextremadura\/wp-json\/wp\/v2\/tags?post=541"}],"curies":[{"name":"wp","href":"https:\/\/api.w.org\/{rel}","templated":true}]}}