{"id":545,"date":"2012-05-16T08:06:11","date_gmt":"2012-05-16T08:06:11","guid":{"rendered":"http:\/\/blogs.hoy.es\/senderosextremadura\/?p=545"},"modified":"2012-05-16T08:06:11","modified_gmt":"2012-05-16T08:06:11","slug":"senderismo-para-ninos-en-salvaleon-19-de-mayo","status":"publish","type":"post","link":"https:\/\/blogs.hoy.es\/senderosextremadura\/2012\/05\/16\/senderismo-para-ninos-en-salvaleon-19-de-mayo\/","title":{"rendered":"Senderismo para ni\u00f1os en Salvale\u00f3n (19 de mayo)"},"content":{"rendered":"<p><span style=\"font-size: large;\"><a href=\"https:\/\/blogs.hoy.es\/senderosextremadura\/2012\/05\/16\/senderismo-para-ninos-en-salvaleon-19-de-mayo\/ruta-senderismo\/\" rel=\"attachment wp-att-546\"><img loading=\"lazy\" class=\"alignleft size-medium wp-image-546\" title=\"ruta-senderismo\" src=\"\/senderosextremadura\/wp-content\/uploads\/sites\/22\/2012\/05\/ruta-senderismo.jpg\" alt=\"\" width=\"210\" height=\"289\" srcset=\"https:\/\/static-blogs.hoy.es\/wp-content\/uploads\/sites\/22\/2012\/05\/ruta-senderismo.jpg 400w, https:\/\/static-blogs.hoy.es\/wp-content\/uploads\/sites\/22\/2012\/05\/ruta-senderismo-218x300.jpg 218w\" sizes=\"(max-width: 210px) 100vw, 210px\" \/><\/a>La <a href=\"http:\/\/www.facebook.com\/profile.php?id=100000522863487\" target=\"_blank\" rel=\"external nofollow\"><strong>Asociaci\u00f3n de Senderismo Salvale\u00f3n<\/strong><\/a> organiza la primera ruta de senderismo infantil, ideal para todos los ni\u00f1os a los que les gusten las aventuras. \u00a0La actividad est\u00e1 programada para el s\u00e1bado 19 de mayo. La marcha comenzar\u00e1 a las nueve de la ma\u00f1ana enla Plaza de Espa\u00f1a de Salvale\u00f3n . Se recorrer\u00e1n16 kil\u00f3metros y el nivel de dificultad es bajo. Las temperaturas veraniegas que hemos tenido estos d\u00edas desaparecen de cara al fin de semana, de modo que har\u00e1 tu d\u00eda perfecto para practicar senderismo en Extremadura.<br \/>\n<\/span><\/p>\n<p>&nbsp;<\/p>\n<p>&nbsp;<\/p>\n<p>Env\u00eda tu ruta a <a href=\"mailto:senderismoextremadurahoy@gmail.com\" target=\"_blank\">senderismoextremadurahoy@gmail.com<\/a><\/p>\n<!-- AddThis Advanced Settings generic via filter on the_content --><!-- AddThis Share Buttons generic via filter on the_content -->","protected":false},"excerpt":{"rendered":"<p>La Asociaci\u00f3n de Senderismo Salvale\u00f3n organiza la primera ruta de senderismo infantil, ideal para todos los ni\u00f1os a los que les gusten las aventuras. \u00a0La actividad est\u00e1 programada para el s\u00e1bado 19 de mayo. La marcha comenzar\u00e1 a las nueve de la ma\u00f1ana enla Plaza de Espa\u00f1a de Salvale\u00f3n . Se recorrer\u00e1n16 kil\u00f3metros y el [&hellip;]<!-- AddThis Advanced Settings generic via filter on get_the_excerpt --><!-- AddThis Share Buttons generic via filter on get_the_excerpt --><\/p>\n","protected":false},"author":27,"featured_media":0,"comment_status":"open","ping_status":"closed","sticky":false,"template":"","format":"standard","meta":[],"categories":[4],"tags":[86,403,569,713,884,906],"_links":{"self":[{"href":"https:\/\/blogs.hoy.es\/senderosextremadura\/wp-json\/wp\/v2\/posts\/545"}],"collection":[{"href":"https:\/\/blogs.hoy.es\/senderosextremadura\/wp-json\/wp\/v2\/posts"}],"about":[{"href":"https:\/\/blogs.hoy.es\/senderosextremadura\/wp-json\/wp\/v2\/types\/post"}],"author":[{"embeddable":true,"href":"https:\/\/blogs.hoy.es\/senderosextremadura\/wp-json\/wp\/v2\/users\/27"}],"replies":[{"embeddable":true,"href":"https:\/\/blogs.hoy.es\/senderosextremadura\/wp-json\/wp\/v2\/comments?post=545"}],"version-history":[{"count":0,"href":"https:\/\/blogs.hoy.es\/senderosextremadura\/wp-json\/wp\/v2\/posts\/545\/revisions"}],"wp:attachment":[{"href":"https:\/\/blogs.hoy.es\/senderosextremadura\/wp-json\/wp\/v2\/media?parent=545"}],"wp:term":[{"taxonomy":"category","embeddable":true,"href":"https:\/\/blogs.hoy.es\/senderosextremadura\/wp-json\/wp\/v2\/categories?post=545"},{"taxonomy":"post_tag","embeddable":true,"href":"https:\/\/blogs.hoy.es\/senderosextremadura\/wp-json\/wp\/v2\/tags?post=545"}],"curies":[{"name":"wp","href":"https:\/\/api.w.org\/{rel}","templated":true}]}}