{"id":553,"date":"2012-05-21T06:41:07","date_gmt":"2012-05-21T06:41:07","guid":{"rendered":"http:\/\/blogs.hoy.es\/senderosextremadura\/?p=553"},"modified":"2012-05-21T06:41:07","modified_gmt":"2012-05-21T06:41:07","slug":"camino-de-santiago-del-24-al-30-de-junio","status":"publish","type":"post","link":"https:\/\/blogs.hoy.es\/senderosextremadura\/2012\/05\/21\/camino-de-santiago-del-24-al-30-de-junio\/","title":{"rendered":"Camino de Santiago (del 24 al 30 de junio)"},"content":{"rendered":"<p><a href=\"https:\/\/blogs.hoy.es\/senderosextremadura\/2012\/05\/21\/camino-de-santiago-del-24-al-30-de-junio\/camino-2\/\" rel=\"attachment wp-att-554\"><img loading=\"lazy\" class=\"alignleft size-medium wp-image-554\" title=\"camino\" src=\"\/senderosextremadura\/wp-content\/uploads\/sites\/22\/2012\/05\/camino1.jpg\" alt=\"\" width=\"421\" height=\"435\" srcset=\"https:\/\/static-blogs.hoy.es\/wp-content\/uploads\/sites\/22\/2012\/05\/camino1.jpg 1280w, https:\/\/static-blogs.hoy.es\/wp-content\/uploads\/sites\/22\/2012\/05\/camino1-290x300.jpg 290w, https:\/\/static-blogs.hoy.es\/wp-content\/uploads\/sites\/22\/2012\/05\/camino1-768x794.jpg 768w, https:\/\/static-blogs.hoy.es\/wp-content\/uploads\/sites\/22\/2012\/05\/camino1-600x621.jpg 600w\" sizes=\"(max-width: 421px) 100vw, 421px\" \/><\/a>Si quieres hacer el <strong>Camino de Santiago<\/strong> en grupo, experiencia siempre recomendable, tienes una oportunidad del <strong>25 al 30 de junio<\/strong>. <a href=\"http:\/\/www.zonaexplorer.com\/\" target=\"_blank\" rel=\"external nofollow\"><strong>Explorer<\/strong><\/a> ha programado una semana de senderismo por tierras gallegas con cinco etapas caminando desde Sarria a Santiago de Compostela.<\/p>\n<p>SALIDAS (24 \/ JUNIO \/ 2012) 08,00h desde Badajoz (Traseras de Eroski) 09,00h desde C\u00e1ceres (Estaci\u00f3n de Autobuses) REGRESO (30 \/ JUNIO \/ 2012) 12,00h desde Santiago<\/p>\n<p><strong><span style=\"text-decoration: underline;\">PROGRAMA<\/span><\/strong><\/p>\n<p>D\u00eda 1: Alojamiento en Sarria D\u00eda<\/p>\n<p>2: Etapa Sarria-Portomar\u00edn 22 km \/ 4-5 h. Recorreremos caminos rurales o \u201ccorredoiras\u201d bajo robledales y peque\u00f1as aldeas como Lavandeira o Ferreiros. Antes de llegar a Portomar\u00edn cruzaremos el puente sobre el r\u00edo Mi\u00f1o, bajo cuyas aguas descansa el antiguo Portomar\u00edn.<\/p>\n<p>D\u00eda 3: Etapa Portomar\u00edn-Palas de Rei 24 km \/ 5-6 h. Ascenderemos primeramente a Castromaior y despu\u00e9s a la Sierra de Ligonde para descender gradualmente a trav\u00e9s de las aldeas de Eirexe y Ligonde hasta la villa de Palas de Rei.<\/p>\n<p>D\u00eda 4: Etapa Palas de Rei-Arz\u00faa 28 km \/ 6-7 h. Caminaremos por hermosos senderos rurales hasta Coto, desde donde c\u00f3modamente entraremos en Melide a trav\u00e9s del bello puente medieval de Furelos. Desde all\u00ed, otros 15 km nos conducir\u00e1n colina arriba y abajo por hermosos enclaves, como el que forma el r\u00edo Iso en Ribadiso, ya a las puertas de Arz\u00faa.<\/p>\n<p>D\u00eda 5: Etapa Arz\u00faa-R\u00faa 19 km \/ 4-5 h. Avanzaremos ya en esta pen\u00faltima etapa ascendiendo y descendiendo peque\u00f1as colinas por un paisaje eminentemente agr\u00edcola. Finalmente descenderemos a R\u00faa pasando por la capilla de Santa Irene.<\/p>\n<p>D\u00eda 6: Etapa R\u00faa-Santiago 21 km \/ 4-5 h. Tras pasar por detr\u00e1s de Pedrouzo subiremos por Amenal y descenderemos hasta Lavacolla, para despu\u00e9s ascender de nuevo hasta el Monte do Gozo, desde all\u00ed veremos las torres del templo compostelano y ahora tan s\u00f3lo 4 km nos separan de la la ciudad, a donde llegaremos a trav\u00e9s de las hermosas calles del casco viejo compostelano.<\/p>\n<p>D\u00eda 7: Regreso a las localidades origen.<\/p>\n<p>PRECIO: 350 Euros \/\u00a0 INCLUYE: Traslados ida \/ vuelta, 6 Noches Alojamiento Hotel \/ Hostal (Habitaci\u00f3n Doble), 6 Desayunos, Veh\u00edculo de apoyo (durante todo el recorrido), Gu\u00edas acompa\u00f1antes, Compostelana (Certificado de Peregrino), seguro. * Suplemento Habitacion Individual: 90 Euros \/ Pax ** Reserva obligatoria (no reembolsable): 180 euros (antes de 04 \/ 06 \/ 2012)<\/p>\n<p>INFORMACI\u00d3N y RESERVAS: EXPLORER. C\/ Santo Domingo, 49 y 72 924 25 15 16 &#8211; 924 24 25 85<\/p>\n<!-- AddThis Advanced Settings generic via filter on the_content --><!-- AddThis Share Buttons generic via filter on the_content -->","protected":false},"excerpt":{"rendered":"<p>Si quieres hacer el Camino de Santiago en grupo, experiencia siempre recomendable, tienes una oportunidad del 25 al 30 de junio. Explorer ha programado una semana de senderismo por tierras gallegas con cinco etapas caminando desde Sarria a Santiago de Compostela. SALIDAS (24 \/ JUNIO \/ 2012) 08,00h desde Badajoz (Traseras de Eroski) 09,00h desde [&hellip;]<!-- AddThis Advanced Settings generic via filter on get_the_excerpt --><!-- AddThis Share Buttons generic via filter on get_the_excerpt --><\/p>\n","protected":false},"author":27,"featured_media":0,"comment_status":"open","ping_status":"closed","sticky":false,"template":"","format":"standard","meta":[],"categories":[4],"tags":[86,121,137,301,333,713,893,906],"_links":{"self":[{"href":"https:\/\/blogs.hoy.es\/senderosextremadura\/wp-json\/wp\/v2\/posts\/553"}],"collection":[{"href":"https:\/\/blogs.hoy.es\/senderosextremadura\/wp-json\/wp\/v2\/posts"}],"about":[{"href":"https:\/\/blogs.hoy.es\/senderosextremadura\/wp-json\/wp\/v2\/types\/post"}],"author":[{"embeddable":true,"href":"https:\/\/blogs.hoy.es\/senderosextremadura\/wp-json\/wp\/v2\/users\/27"}],"replies":[{"embeddable":true,"href":"https:\/\/blogs.hoy.es\/senderosextremadura\/wp-json\/wp\/v2\/comments?post=553"}],"version-history":[{"count":0,"href":"https:\/\/blogs.hoy.es\/senderosextremadura\/wp-json\/wp\/v2\/posts\/553\/revisions"}],"wp:attachment":[{"href":"https:\/\/blogs.hoy.es\/senderosextremadura\/wp-json\/wp\/v2\/media?parent=553"}],"wp:term":[{"taxonomy":"category","embeddable":true,"href":"https:\/\/blogs.hoy.es\/senderosextremadura\/wp-json\/wp\/v2\/categories?post=553"},{"taxonomy":"post_tag","embeddable":true,"href":"https:\/\/blogs.hoy.es\/senderosextremadura\/wp-json\/wp\/v2\/tags?post=553"}],"curies":[{"name":"wp","href":"https:\/\/api.w.org\/{rel}","templated":true}]}}