{"id":563,"date":"2012-05-30T09:24:01","date_gmt":"2012-05-30T09:24:01","guid":{"rendered":"http:\/\/blogs.hoy.es\/senderosextremadura\/?p=563"},"modified":"2012-05-30T09:24:01","modified_gmt":"2012-05-30T09:24:01","slug":"ruta-por-gredos-2-de-junio","status":"publish","type":"post","link":"https:\/\/blogs.hoy.es\/senderosextremadura\/2012\/05\/30\/ruta-por-gredos-2-de-junio\/","title":{"rendered":"Ruta por Gredos con el Club del Caminante (2 de junio)"},"content":{"rendered":"<p><span style=\"font-size: large;\"><strong><a href=\"https:\/\/blogs.hoy.es\/senderosextremadura\/2012\/05\/30\/ruta-por-gredos-2-de-junio\/gredos-4\/\" rel=\"attachment wp-att-565\"><img loading=\"lazy\" class=\"alignleft size-large wp-image-565\" title=\"gredos\" src=\"\/senderosextremadura\/wp-content\/uploads\/sites\/22\/2012\/05\/gredos.jpg\" alt=\"\" width=\"476\" height=\"297\" srcset=\"https:\/\/static-blogs.hoy.es\/wp-content\/uploads\/sites\/22\/2012\/05\/gredos.jpg 1280w, https:\/\/static-blogs.hoy.es\/wp-content\/uploads\/sites\/22\/2012\/05\/gredos-300x188.jpg 300w, https:\/\/static-blogs.hoy.es\/wp-content\/uploads\/sites\/22\/2012\/05\/gredos-768x480.jpg 768w, https:\/\/static-blogs.hoy.es\/wp-content\/uploads\/sites\/22\/2012\/05\/gredos-600x375.jpg 600w\" sizes=\"(max-width: 476px) 100vw, 476px\" \/><\/a>El pr\u00f3ximo 2 de junio el <a href=\"http:\/\/www.clubcaminantebadajoz.com\/\" target=\"_blank\" rel=\"external nofollow\">Club del Caminante de Badajoz<\/a> viajar\u00e1 hasta Gredos. La Cordillera Central se muestra como una alargada cadena monta\u00f1osa que se levanta en el centro de la Pen\u00ednsula Ib\u00e9rica y que sirve de separaci\u00f3n a las cuencas y mesetas de los r\u00edos Duero y Tajo. En su sector intermedio, en concreto en el extremo meridional de la provincia de \u00c1vila, y como un pesado e impenetrable murall\u00f3n gran\u00edtico, se alza la Sierra de Gredos. En su accidentado y vertical relieve de picos agudos, brechas y salientes empinados destacan el circo y la laguna Grande de Gredos. Ambos son de origen glaciar y aparecen presididos por el pico Almanzor, coloso p\u00e9treo que, con sus 2.592 metros, es la m\u00e1xima altura de todo el Sistema Central.<\/strong><\/span><\/p>\n<p>&nbsp;<\/p>\n<p>M\u00c1S INFORMACI\u00d3N<\/p>\n<p>Sede: Plaza Alta Edificio de Asociaciones en el Arco del Peso<\/p>\n<p>Telefono: 924 22 32 28<\/p>\n<p>Movil (solo rutas) 639 911 512<\/p>\n<p>eMail: <a href=\"mailto:clubcaminante@badajoz.org\">ccaminantebadajoz@gmail.com<\/a><\/p>\n<p>Ingresos en Caja Rural de Extremadura<\/p>\n<p>C\/C. 3009 0001 28 1141107324<\/p>\n<p>&nbsp;<\/p>\n<!-- AddThis Advanced Settings generic via filter on the_content --><!-- AddThis Share Buttons generic via filter on the_content -->","protected":false},"excerpt":{"rendered":"<p>El pr\u00f3ximo 2 de junio el Club del Caminante de Badajoz viajar\u00e1 hasta Gredos. La Cordillera Central se muestra como una alargada cadena monta\u00f1osa que se levanta en el centro de la Pen\u00ednsula Ib\u00e9rica y que sirve de separaci\u00f3n a las cuencas y mesetas de los r\u00edos Duero y Tajo. En su sector intermedio, en [&hellip;]<!-- AddThis Advanced Settings generic via filter on get_the_excerpt --><!-- AddThis Share Buttons generic via filter on get_the_excerpt --><\/p>\n","protected":false},"author":27,"featured_media":0,"comment_status":"open","ping_status":"closed","sticky":false,"template":"","format":"standard","meta":[],"categories":[4],"tags":[86,132,180,191,268,301,362,995,1004],"_links":{"self":[{"href":"https:\/\/blogs.hoy.es\/senderosextremadura\/wp-json\/wp\/v2\/posts\/563"}],"collection":[{"href":"https:\/\/blogs.hoy.es\/senderosextremadura\/wp-json\/wp\/v2\/posts"}],"about":[{"href":"https:\/\/blogs.hoy.es\/senderosextremadura\/wp-json\/wp\/v2\/types\/post"}],"author":[{"embeddable":true,"href":"https:\/\/blogs.hoy.es\/senderosextremadura\/wp-json\/wp\/v2\/users\/27"}],"replies":[{"embeddable":true,"href":"https:\/\/blogs.hoy.es\/senderosextremadura\/wp-json\/wp\/v2\/comments?post=563"}],"version-history":[{"count":0,"href":"https:\/\/blogs.hoy.es\/senderosextremadura\/wp-json\/wp\/v2\/posts\/563\/revisions"}],"wp:attachment":[{"href":"https:\/\/blogs.hoy.es\/senderosextremadura\/wp-json\/wp\/v2\/media?parent=563"}],"wp:term":[{"taxonomy":"category","embeddable":true,"href":"https:\/\/blogs.hoy.es\/senderosextremadura\/wp-json\/wp\/v2\/categories?post=563"},{"taxonomy":"post_tag","embeddable":true,"href":"https:\/\/blogs.hoy.es\/senderosextremadura\/wp-json\/wp\/v2\/tags?post=563"}],"curies":[{"name":"wp","href":"https:\/\/api.w.org\/{rel}","templated":true}]}}