{"id":566,"date":"2012-05-21T10:46:47","date_gmt":"2012-05-21T10:46:47","guid":{"rendered":"http:\/\/blogs.hoy.es\/senderosextremadura\/?p=566"},"modified":"2012-05-21T10:46:47","modified_gmt":"2012-05-21T10:46:47","slug":"ruta-de-nuestra-senora-de-las-nieves-27-de-mayo","status":"publish","type":"post","link":"https:\/\/blogs.hoy.es\/senderosextremadura\/2012\/05\/21\/ruta-de-nuestra-senora-de-las-nieves-27-de-mayo\/","title":{"rendered":"Ruta de Nuestra Se\u00f1ora de las Nieves (27 de mayo)"},"content":{"rendered":"<p><span style=\"font-size: large;\"><strong>La Asociaci\u00f3n<\/strong><strong> Geogr\u00e1fica<\/strong><strong> realizar\u00e1 el pr\u00f3ximo 27 de mayo la ruta de <a href=\"http:\/\/www.hoy.es\/multimedia\/fotos\/ultimos\/99161-subida-refugio-nuestra-senora-nieves-0.html\" rel=\"external nofollow\">Nuestra Se\u00f1ora de las Nieves<\/a>, en la comarca de La Vera. Un recorrido por el norte de C\u00e1ceres que ya present\u00e1bamos en una entrada anterior. Con una duraci\u00f3n de seis horas, una distancia de 11 kil\u00f3metros y un desnivel acumulado de unos 1.400 metros, la marcha tiene un recorrido circular de dificultad moderada. El precio de inscripci\u00f3n es de 20 euros (desplazamiento y monitores titulados).<\/strong><\/span><\/p>\n<p><span style=\"font-size: large;\"><strong> La salida desde Badajoz tendr\u00e1 lugar a las ocho de la ma\u00f1ana desde la Plaza de la Libertad.<\/strong><\/span><\/p>\n<p>&nbsp;<\/p>\n<p>M\u00c1S INFORMACI\u00d3N<\/p>\n<p><strong><a href=\"mailto:infogeografica@gmail.com\" target=\"_blank\">infogeografica@gmail.com<\/a><\/strong><\/p>\n<p><span style=\"font-size: large;\"><strong><br \/>\n<\/strong><\/span><\/p>\n<p><span style=\"font-size: large;\"><strong><a href=\"http:\/\/www.hoy.es\/multimedia\/fotos\/ultimos\/99161-subida-refugio-nuestra-senora-nieves-0.html\" rel=\"external nofollow\">GALER\u00cdA DE FOTOS CEDIDAS POR EXPLORER<\/a><br \/>\n<\/strong><\/span><\/p>\n<!-- AddThis Advanced Settings generic via filter on the_content --><!-- AddThis Share Buttons generic via filter on the_content -->","protected":false},"excerpt":{"rendered":"<p>La Asociaci\u00f3n Geogr\u00e1fica realizar\u00e1 el pr\u00f3ximo 27 de mayo la ruta de Nuestra Se\u00f1ora de las Nieves, en la comarca de La Vera. Un recorrido por el norte de C\u00e1ceres que ya present\u00e1bamos en una entrada anterior. Con una duraci\u00f3n de seis horas, una distancia de 11 kil\u00f3metros y un desnivel acumulado de unos 1.400 [&hellip;]<!-- AddThis Advanced Settings generic via filter on get_the_excerpt --><!-- AddThis Share Buttons generic via filter on get_the_excerpt --><\/p>\n","protected":false},"author":27,"featured_media":0,"comment_status":"open","ping_status":"closed","sticky":false,"template":"","format":"standard","meta":[],"categories":[4],"tags":[121,301,568,906,942,1072],"_links":{"self":[{"href":"https:\/\/blogs.hoy.es\/senderosextremadura\/wp-json\/wp\/v2\/posts\/566"}],"collection":[{"href":"https:\/\/blogs.hoy.es\/senderosextremadura\/wp-json\/wp\/v2\/posts"}],"about":[{"href":"https:\/\/blogs.hoy.es\/senderosextremadura\/wp-json\/wp\/v2\/types\/post"}],"author":[{"embeddable":true,"href":"https:\/\/blogs.hoy.es\/senderosextremadura\/wp-json\/wp\/v2\/users\/27"}],"replies":[{"embeddable":true,"href":"https:\/\/blogs.hoy.es\/senderosextremadura\/wp-json\/wp\/v2\/comments?post=566"}],"version-history":[{"count":0,"href":"https:\/\/blogs.hoy.es\/senderosextremadura\/wp-json\/wp\/v2\/posts\/566\/revisions"}],"wp:attachment":[{"href":"https:\/\/blogs.hoy.es\/senderosextremadura\/wp-json\/wp\/v2\/media?parent=566"}],"wp:term":[{"taxonomy":"category","embeddable":true,"href":"https:\/\/blogs.hoy.es\/senderosextremadura\/wp-json\/wp\/v2\/categories?post=566"},{"taxonomy":"post_tag","embeddable":true,"href":"https:\/\/blogs.hoy.es\/senderosextremadura\/wp-json\/wp\/v2\/tags?post=566"}],"curies":[{"name":"wp","href":"https:\/\/api.w.org\/{rel}","templated":true}]}}