{"id":569,"date":"2012-05-21T11:01:14","date_gmt":"2012-05-21T11:01:14","guid":{"rendered":"http:\/\/blogs.hoy.es\/senderosextremadura\/?p=569"},"modified":"2012-05-21T11:01:14","modified_gmt":"2012-05-21T11:01:14","slug":"un-centenar-de-senderistas-en-la-ruta-del-contrabando-de-zarza-la-mayor","status":"publish","type":"post","link":"https:\/\/blogs.hoy.es\/senderosextremadura\/2012\/05\/21\/un-centenar-de-senderistas-en-la-ruta-del-contrabando-de-zarza-la-mayor\/","title":{"rendered":"Un centenar de senderistas recorrieron la Ruta del Contrabando de Zarza la Mayor"},"content":{"rendered":"<p><span style=\"font-size: medium;\"><strong><a href=\"https:\/\/blogs.hoy.es\/senderosextremadura\/2012\/05\/21\/un-centenar-de-senderistas-en-la-ruta-del-contrabando-de-zarza-la-mayor\/senderismo-ruta\/\" rel=\"attachment wp-att-570\"><img loading=\"lazy\" class=\"aligncenter size-large wp-image-570\" title=\"SENDERISMO-RUTA\" src=\"\/senderosextremadura\/wp-content\/uploads\/sites\/22\/2012\/05\/SENDERISMO-RUTA.jpg\" alt=\"\" width=\"600\" height=\"339\" srcset=\"https:\/\/static-blogs.hoy.es\/wp-content\/uploads\/sites\/22\/2012\/05\/SENDERISMO-RUTA.jpg 1280w, https:\/\/static-blogs.hoy.es\/wp-content\/uploads\/sites\/22\/2012\/05\/SENDERISMO-RUTA-300x170.jpg 300w, https:\/\/static-blogs.hoy.es\/wp-content\/uploads\/sites\/22\/2012\/05\/SENDERISMO-RUTA-768x434.jpg 768w, https:\/\/static-blogs.hoy.es\/wp-content\/uploads\/sites\/22\/2012\/05\/SENDERISMO-RUTA-600x339.jpg 600w\" sizes=\"(max-width: 600px) 100vw, 600px\" \/><\/a>Zarza la Mayor<\/strong> rememor\u00f3 ayer tiempos pasados con su <strong>Ruta del Contrabando<\/strong>, caminos que utilizaron anta\u00f1o espa\u00f1oles y portugueses para llevar caf\u00e9 o tabaco entre las localidades de Zarza y Salvaterra do Extremo. La ruta de ida y vuelta, de unos 17 kil\u00f3metros, transcurri\u00f3 por asfalto, caminos y veredas, hasta encarar la subida a Salvaterra con un empedrado t\u00edpico portugu\u00e9s, bajo la atenta mirada desde el otro lado de la frontera del <strong>Castillo de Pe\u00f1afiel<\/strong>.<\/span><\/p>\n<p><span style=\"font-size: medium;\">A la llegada a la localidad portuguesa se ofreci\u00f3 un segundo avituallamiento y muchos aprovecharon para merodear por las calles de Salvaterra, muy coqueta y limpia. La vuelta fue muy r\u00e1pida y la\u00a0 lluvia se hizo presente a escasos dos kil\u00f3metros del final, vislumbrando aut\u00e9nticas columnas de agua en la zona de Sierra de Gata.<\/span><\/p>\n<p><span style=\"font-size: medium;\">Al terminar la ruta se degust\u00f3 un gran pincho que reconfort\u00f3 el est\u00f3mago del centenar de senderistas que acudieron a la cita de diferentes puntos de Extremadura.<\/span><\/p>\n<p><span style=\"font-size: medium;\">Satisfacci\u00f3n en los senderistas y en la organizaci\u00f3n que corri\u00f3 a cargo del Programa de Dinamizaci\u00f3n Deportiva de la Mancomunidad Integral &#8220;Rivera Fresnedosa&#8221; y del Ayuntamiento de Zarza la Mayor, cuya alcaldesa, Esther Guti\u00e9rrez particip\u00f3 en la ruta.<\/span><\/p>\n<p><span style=\"font-size: medium;\">Esta ruta forma parte del <strong>Circuito Extreme\u00f1o de Rutas Senderistas<\/strong> apoyado por la Direcci\u00f3n General de Deportes y coordinado por la Federaci\u00f3n Extreme\u00f1a de Monta\u00f1a y Escalada.<\/span><\/p>\n<p align=\"center\"><strong>Fernando Manzano Esteban<\/strong><br \/>\n<em>Coordinador Dinamizaci\u00f3n Deportiva<\/em><br \/>\n<em>Mancomunidad Integral &#8220;Rivera Fresnedosa&#8221;<\/em><br \/>\nTlno. Contacto: 699043463<\/p>\n<!-- AddThis Advanced Settings generic via filter on the_content --><!-- AddThis Share Buttons generic via filter on the_content -->","protected":false},"excerpt":{"rendered":"<p>Zarza la Mayor rememor\u00f3 ayer tiempos pasados con su Ruta del Contrabando, caminos que utilizaron anta\u00f1o espa\u00f1oles y portugueses para llevar caf\u00e9 o tabaco entre las localidades de Zarza y Salvaterra do Extremo. La ruta de ida y vuelta, de unos 17 kil\u00f3metros, transcurri\u00f3 por asfalto, caminos y veredas, hasta encarar la subida a Salvaterra [&hellip;]<!-- AddThis Advanced Settings generic via filter on get_the_excerpt --><!-- AddThis Share Buttons generic via filter on get_the_excerpt --><\/p>\n","protected":false},"author":27,"featured_media":0,"comment_status":"open","ping_status":"closed","sticky":false,"template":"","format":"standard","meta":[],"categories":[3,4],"tags":[121,235,301,348,423,479,487,646,792,944,970,1116],"_links":{"self":[{"href":"https:\/\/blogs.hoy.es\/senderosextremadura\/wp-json\/wp\/v2\/posts\/569"}],"collection":[{"href":"https:\/\/blogs.hoy.es\/senderosextremadura\/wp-json\/wp\/v2\/posts"}],"about":[{"href":"https:\/\/blogs.hoy.es\/senderosextremadura\/wp-json\/wp\/v2\/types\/post"}],"author":[{"embeddable":true,"href":"https:\/\/blogs.hoy.es\/senderosextremadura\/wp-json\/wp\/v2\/users\/27"}],"replies":[{"embeddable":true,"href":"https:\/\/blogs.hoy.es\/senderosextremadura\/wp-json\/wp\/v2\/comments?post=569"}],"version-history":[{"count":0,"href":"https:\/\/blogs.hoy.es\/senderosextremadura\/wp-json\/wp\/v2\/posts\/569\/revisions"}],"wp:attachment":[{"href":"https:\/\/blogs.hoy.es\/senderosextremadura\/wp-json\/wp\/v2\/media?parent=569"}],"wp:term":[{"taxonomy":"category","embeddable":true,"href":"https:\/\/blogs.hoy.es\/senderosextremadura\/wp-json\/wp\/v2\/categories?post=569"},{"taxonomy":"post_tag","embeddable":true,"href":"https:\/\/blogs.hoy.es\/senderosextremadura\/wp-json\/wp\/v2\/tags?post=569"}],"curies":[{"name":"wp","href":"https:\/\/api.w.org\/{rel}","templated":true}]}}