{"id":572,"date":"2012-05-21T15:55:10","date_gmt":"2012-05-21T15:55:10","guid":{"rendered":"http:\/\/blogs.hoy.es\/senderosextremadura\/?p=572"},"modified":"2012-05-21T15:55:10","modified_gmt":"2012-05-21T15:55:10","slug":"mas-de-700-senderistas-participaron-en-la-ruta-de-los-ingleses","status":"publish","type":"post","link":"https:\/\/blogs.hoy.es\/senderosextremadura\/2012\/05\/21\/mas-de-700-senderistas-participaron-en-la-ruta-de-los-ingleses\/","title":{"rendered":"M\u00e1s de 700 senderistas participaron en la Ruta de los Ingleses (FOTOS)"},"content":{"rendered":"<address>\u00a0<\/address>\n<address>\u00a0<\/address>\n<address>\u00a0<\/address>\n<address><strong><a href=\"https:\/\/blogs.hoy.es\/senderosextremadura\/2012\/05\/21\/mas-de-700-senderistas-participaron-en-la-ruta-de-los-ingleses\/ingle\/\" rel=\"attachment wp-att-573\"><img loading=\"lazy\" class=\"aligncenter size-large wp-image-573\" title=\"INGLE\" src=\"\/senderosextremadura\/wp-content\/uploads\/sites\/22\/2012\/05\/INGLE.jpg\" alt=\"\" width=\"600\" height=\"386\" srcset=\"https:\/\/static-blogs.hoy.es\/wp-content\/uploads\/sites\/22\/2012\/05\/INGLE.jpg 1280w, https:\/\/static-blogs.hoy.es\/wp-content\/uploads\/sites\/22\/2012\/05\/INGLE-300x193.jpg 300w, https:\/\/static-blogs.hoy.es\/wp-content\/uploads\/sites\/22\/2012\/05\/INGLE-768x494.jpg 768w, https:\/\/static-blogs.hoy.es\/wp-content\/uploads\/sites\/22\/2012\/05\/INGLE-600x386.jpg 600w\" sizes=\"(max-width: 600px) 100vw, 600px\" \/><\/a><\/strong><\/address>\n<address>\u00a0<\/address>\n<address>\u00a0<\/address>\n<div>\n<div id=\"noticia-pestanas\">\n<div id=\"ccronica\">\n<div>\n<div><a href=\"https:\/\/blogs.hoy.es\/senderosextremadura\/2012\/05\/21\/mas-de-700-senderistas-participaron-en-la-ruta-de-los-ingleses\/ingleses\/\" rel=\"attachment wp-att-574\"><img loading=\"lazy\" class=\"aligncenter size-large wp-image-574\" title=\"ingleses\" src=\"\/senderosextremadura\/wp-content\/uploads\/sites\/22\/2012\/05\/ingleses.jpg\" alt=\"\" width=\"600\" height=\"386\" srcset=\"https:\/\/static-blogs.hoy.es\/wp-content\/uploads\/sites\/22\/2012\/05\/ingleses.jpg 1280w, https:\/\/static-blogs.hoy.es\/wp-content\/uploads\/sites\/22\/2012\/05\/ingleses-300x193.jpg 300w, https:\/\/static-blogs.hoy.es\/wp-content\/uploads\/sites\/22\/2012\/05\/ingleses-768x494.jpg 768w, https:\/\/static-blogs.hoy.es\/wp-content\/uploads\/sites\/22\/2012\/05\/ingleses-600x386.jpg 600w\" sizes=\"(max-width: 600px) 100vw, 600px\" \/><\/a><strong><\/strong><\/div>\n<div><\/div>\n<div><span style=\"font-size: medium;\"><strong>ELOY GARC\u00cdA<\/strong> | Tan solo a \u00faltima hora, durante la comida, la lluvia consigui\u00f3 aguar la celebraci\u00f3n de la <a href=\"http:\/\/www.hoy.es\/20120519\/local\/prov-caceres\/personas-participan-ruta-ingleses-201205192019.html\" target=\"_blank\" rel=\"external nofollow\"><strong>Ruta de los Ingleses<\/strong><\/a>. Eso s\u00ed, solo durante poco m\u00e1s de media hora, pues pasado el chaparr\u00f3n la mayor parte de los senderistas volvieron al merendero donde hab\u00eda paella para todos los asistentes. Y es que m\u00e1s de 700 personas se dieron cita para cubrir el mismo trayecto que hace ahora dos siglos hicieron las tropas inglesas para hacerse con el sitio que ocupaban los franceses, <strong>Fort Napole\u00f3n<\/strong>.<\/span><\/div>\n<div><span style=\"font-size: medium;\">La ruta, acto central del programa elaborado desde<strong> Casas de Miravete y Romangordo<\/strong> para conmemorar la fecha, comenz\u00f3 y finaliz\u00f3 con lluvia, si bien a lo largo del recorrido la temperatura fue muy agradable, con apenas sol. La marcha concluy\u00f3 en Fort Napole\u00f3n, donde los propios vecinos pusieron en escena los \u00faltimos lances de una batalla que marc\u00f3 un antes y un despu\u00e9s en el desarrollo de la Guerra de la Independencia.<\/span><\/div>\n<\/div>\n<\/div>\n<\/div>\n<\/div>\n<address>\u00a0<\/address>\n<address><a href=\"http:\/\/www.hoy.es\/20120519\/local\/prov-caceres\/personas-participan-ruta-ingleses-201205192019.html\" target=\"_blank\" rel=\"external nofollow\"><strong>GALER\u00cdA DE FOTOS<\/strong><\/a><\/address>\n<!-- AddThis Advanced Settings generic via filter on the_content --><!-- AddThis Share Buttons generic via filter on the_content -->","protected":false},"excerpt":{"rendered":"<p>\u00a0 \u00a0 \u00a0 \u00a0 \u00a0 ELOY GARC\u00cdA | Tan solo a \u00faltima hora, durante la comida, la lluvia consigui\u00f3 aguar la celebraci\u00f3n de la Ruta de los Ingleses. Eso s\u00ed, solo durante poco m\u00e1s de media hora, pues pasado el chaparr\u00f3n la mayor parte de los senderistas volvieron al merendero donde hab\u00eda paella para todos [&hellip;]<!-- AddThis Advanced Settings generic via filter on get_the_excerpt --><!-- AddThis Share Buttons generic via filter on get_the_excerpt --><\/p>\n","protected":false},"author":27,"featured_media":0,"comment_status":"open","ping_status":"closed","sticky":false,"template":"","format":"standard","meta":[],"categories":[3,4],"tags":[121,167,301,404,507,703,713,906],"_links":{"self":[{"href":"https:\/\/blogs.hoy.es\/senderosextremadura\/wp-json\/wp\/v2\/posts\/572"}],"collection":[{"href":"https:\/\/blogs.hoy.es\/senderosextremadura\/wp-json\/wp\/v2\/posts"}],"about":[{"href":"https:\/\/blogs.hoy.es\/senderosextremadura\/wp-json\/wp\/v2\/types\/post"}],"author":[{"embeddable":true,"href":"https:\/\/blogs.hoy.es\/senderosextremadura\/wp-json\/wp\/v2\/users\/27"}],"replies":[{"embeddable":true,"href":"https:\/\/blogs.hoy.es\/senderosextremadura\/wp-json\/wp\/v2\/comments?post=572"}],"version-history":[{"count":0,"href":"https:\/\/blogs.hoy.es\/senderosextremadura\/wp-json\/wp\/v2\/posts\/572\/revisions"}],"wp:attachment":[{"href":"https:\/\/blogs.hoy.es\/senderosextremadura\/wp-json\/wp\/v2\/media?parent=572"}],"wp:term":[{"taxonomy":"category","embeddable":true,"href":"https:\/\/blogs.hoy.es\/senderosextremadura\/wp-json\/wp\/v2\/categories?post=572"},{"taxonomy":"post_tag","embeddable":true,"href":"https:\/\/blogs.hoy.es\/senderosextremadura\/wp-json\/wp\/v2\/tags?post=572"}],"curies":[{"name":"wp","href":"https:\/\/api.w.org\/{rel}","templated":true}]}}