{"id":576,"date":"2012-05-22T12:31:12","date_gmt":"2012-05-22T12:31:12","guid":{"rendered":"http:\/\/blogs.hoy.es\/senderosextremadura\/?p=576"},"modified":"2012-05-22T12:31:12","modified_gmt":"2012-05-22T12:31:12","slug":"vistas-desde-el-cerro-gimio-de-monfrague-fotos","status":"publish","type":"post","link":"https:\/\/blogs.hoy.es\/senderosextremadura\/2012\/05\/22\/vistas-desde-el-cerro-gimio-de-monfrague-fotos\/","title":{"rendered":"Vistas desde el Cerro Gimio de Monfrag\u00fce (FOTOS)"},"content":{"rendered":"<p><span style=\"font-size: medium;\"><a href=\"https:\/\/blogs.hoy.es\/senderosextremadura\/2012\/05\/22\/vistas-desde-el-cerro-gimio-de-monfrague-fotos\/monfra-4\/\" rel=\"attachment wp-att-577\"><img loading=\"lazy\" class=\"aligncenter size-large wp-image-577\" title=\"monfra\" src=\"\/senderosextremadura\/wp-content\/uploads\/sites\/22\/2012\/05\/monfra1.jpg\" alt=\"\" width=\"600\" height=\"386\" srcset=\"https:\/\/static-blogs.hoy.es\/wp-content\/uploads\/sites\/22\/2012\/05\/monfra1.jpg 1280w, https:\/\/static-blogs.hoy.es\/wp-content\/uploads\/sites\/22\/2012\/05\/monfra1-300x193.jpg 300w, https:\/\/static-blogs.hoy.es\/wp-content\/uploads\/sites\/22\/2012\/05\/monfra1-768x494.jpg 768w, https:\/\/static-blogs.hoy.es\/wp-content\/uploads\/sites\/22\/2012\/05\/monfra1-600x386.jpg 600w\" sizes=\"(max-width: 600px) 100vw, 600px\" \/><\/a><\/span><\/p>\n<p><span style=\"font-size: medium;\">El domingo 20 de mayo el <strong>Club del Caminante de Badajoz<\/strong> recorri\u00f3 el <strong>Parque Nacional de Monfrag\u00fce<\/strong>. A pesar de las inclemencias meteorol\u00f3gicas, los senderistas\u00a0disfrutaron de un buen d\u00eda para caminar recorriendo las m\u00e1rgenes del arroyo Malvecino, contemplando las vistas desde el Cerro Gimio, atravesando el <strong>Tajo por el puente del\u00a0Cardenal<\/strong>, normalmente sumergido.\u00a0Subieron al Castillo por la umbr\u00eda, y en la ermita dela Virgen de Monfrag\u00fce se refugiaron de la lluvia gracias a la generosidad de la gente de serradilla. Por \u00faltimo, desde el mirador del Salto del Gitano pudieron contemplar el vuelo de los buitres, cig\u00fce\u00f1as negras, alimoches, halcones, entre otras especies. <\/span><\/p>\n<p><span style=\"font-size: large;\"><a href=\"http:\/\/www.hoy.es\/multimedia\/fotos\/ultimos\/99209-recorrido-cerro-gimio-puente-cardenal-monfrague-0.html\" target=\"_blank\" rel=\"external nofollow\"><strong>VER GALER\u00cdA DE FOTOS<\/strong><\/a><\/span><\/p>\n<!-- AddThis Advanced Settings generic via filter on the_content --><!-- AddThis Share Buttons generic via filter on the_content -->","protected":false},"excerpt":{"rendered":"<p>El domingo 20 de mayo el Club del Caminante de Badajoz recorri\u00f3 el Parque Nacional de Monfrag\u00fce. A pesar de las inclemencias meteorol\u00f3gicas, los senderistas\u00a0disfrutaron de un buen d\u00eda para caminar recorriendo las m\u00e1rgenes del arroyo Malvecino, contemplando las vistas desde el Cerro Gimio, atravesando el Tajo por el puente del\u00a0Cardenal, normalmente sumergido.\u00a0Subieron al Castillo [&hellip;]<!-- AddThis Advanced Settings generic via filter on get_the_excerpt --><!-- AddThis Share Buttons generic via filter on get_the_excerpt --><\/p>\n","protected":false},"author":27,"featured_media":0,"comment_status":"open","ping_status":"closed","sticky":false,"template":"","format":"standard","meta":[],"categories":[3],"tags":[],"_links":{"self":[{"href":"https:\/\/blogs.hoy.es\/senderosextremadura\/wp-json\/wp\/v2\/posts\/576"}],"collection":[{"href":"https:\/\/blogs.hoy.es\/senderosextremadura\/wp-json\/wp\/v2\/posts"}],"about":[{"href":"https:\/\/blogs.hoy.es\/senderosextremadura\/wp-json\/wp\/v2\/types\/post"}],"author":[{"embeddable":true,"href":"https:\/\/blogs.hoy.es\/senderosextremadura\/wp-json\/wp\/v2\/users\/27"}],"replies":[{"embeddable":true,"href":"https:\/\/blogs.hoy.es\/senderosextremadura\/wp-json\/wp\/v2\/comments?post=576"}],"version-history":[{"count":0,"href":"https:\/\/blogs.hoy.es\/senderosextremadura\/wp-json\/wp\/v2\/posts\/576\/revisions"}],"wp:attachment":[{"href":"https:\/\/blogs.hoy.es\/senderosextremadura\/wp-json\/wp\/v2\/media?parent=576"}],"wp:term":[{"taxonomy":"category","embeddable":true,"href":"https:\/\/blogs.hoy.es\/senderosextremadura\/wp-json\/wp\/v2\/categories?post=576"},{"taxonomy":"post_tag","embeddable":true,"href":"https:\/\/blogs.hoy.es\/senderosextremadura\/wp-json\/wp\/v2\/tags?post=576"}],"curies":[{"name":"wp","href":"https:\/\/api.w.org\/{rel}","templated":true}]}}