{"id":579,"date":"2012-05-22T15:30:24","date_gmt":"2012-05-22T15:30:24","guid":{"rendered":"http:\/\/blogs.hoy.es\/senderosextremadura\/?p=579"},"modified":"2012-05-22T15:30:24","modified_gmt":"2012-05-22T15:30:24","slug":"fin-de-semana-en-el-circo-de-gredos-9-y-10-de-junio","status":"publish","type":"post","link":"https:\/\/blogs.hoy.es\/senderosextremadura\/2012\/05\/22\/fin-de-semana-en-el-circo-de-gredos-9-y-10-de-junio\/","title":{"rendered":"Fin de semana en el Circo de Gredos (9 y 10 de junio)"},"content":{"rendered":"<p><span style=\"font-size: large;\"><strong><a href=\"https:\/\/blogs.hoy.es\/senderosextremadura\/2012\/05\/22\/fin-de-semana-en-el-circo-de-gredos-9-y-10-de-junio\/vivaquear\/\" rel=\"attachment wp-att-598\"><img loading=\"lazy\" class=\"aligncenter size-full wp-image-598\" title=\"VIVAQUEAR\" src=\"\/senderosextremadura\/wp-content\/uploads\/sites\/22\/2012\/05\/VIVAQUEAR.jpg\" alt=\"\" width=\"647\" height=\"300\" srcset=\"https:\/\/static-blogs.hoy.es\/wp-content\/uploads\/sites\/22\/2012\/05\/VIVAQUEAR.jpg 647w, https:\/\/static-blogs.hoy.es\/wp-content\/uploads\/sites\/22\/2012\/05\/VIVAQUEAR-300x139.jpg 300w, https:\/\/static-blogs.hoy.es\/wp-content\/uploads\/sites\/22\/2012\/05\/VIVAQUEAR-600x278.jpg 600w\" sizes=\"(max-width: 647px) 100vw, 647px\" \/><\/a><a href=\"https:\/\/blogs.hoy.es\/senderosextremadura\/2012\/05\/22\/fin-de-semana-en-el-circo-de-gredos-9-y-10-de-junio\/circo\/\" rel=\"attachment wp-att-580\"><br \/>\n<\/a><\/strong><\/span><\/p>\n<p><span style=\"font-size: large;\"><strong>Monta\u00f1eros de Monfrag\u00fce<\/strong> programa un fin de semana en el <strong>Circo de Gredos<\/strong> para los d\u00edas 9 y 10 de junio.<strong> <\/strong>Como siempre, los senderistas saldr\u00e1n a las siete de la ma\u00f1ana del aparcamiento de autobuses plaza Obispo Galarza de C\u00e1ceres.\u00a0 Llegar\u00e1n al Circo de Gredos desde la Plataformade Hoyos del Espino, donde se realizan distintas ascensiones a picos de la zona el s\u00e1bado y el domingo.<\/span><\/p>\n<p><span style=\"font-size: large;\">Como material necesario para la ruta se recomiendan botas de monta\u00f1a, protecci\u00f3n solar, bastones, saco de dormir, etc. En cuanto al nivel de dificultad,\u00a0 se pueden hacer diferentes grupos con niveles variados.<br \/>\n<\/span><\/p>\n<p><span style=\"font-size: large;\">Se han reservado algunas plazas en el refugio Elola de la Laguna. El hostal est\u00e1 totalmente completo, as\u00ed que la gente que suba dos d\u00edas tendr\u00e1 que vivaquear (dormir con el saco fuera). Antes no hab\u00eda problema para encontrar plaza en el refugio, pero ahora hay que reservarla con tres meses de antelaci\u00f3n.<\/span><\/p>\n<p>&nbsp;<\/p>\n<p><strong>M\u00c1S INFORMACI\u00d3N<\/strong><\/p>\n<p><strong><a href=\"http:\/\/montanerosmonfrague.es\/\" target=\"_blank\" rel=\"external nofollow\">http:\/\/montanerosmonfrague.es\/<\/a><\/strong><\/p>\n<!-- AddThis Advanced Settings generic via filter on the_content --><!-- AddThis Share Buttons generic via filter on the_content -->","protected":false},"excerpt":{"rendered":"<p>Monta\u00f1eros de Monfrag\u00fce programa un fin de semana en el Circo de Gredos para los d\u00edas 9 y 10 de junio. Como siempre, los senderistas saldr\u00e1n a las siete de la ma\u00f1ana del aparcamiento de autobuses plaza Obispo Galarza de C\u00e1ceres.\u00a0 Llegar\u00e1n al Circo de Gredos desde la Plataformade Hoyos del Espino, donde se realizan [&hellip;]<!-- AddThis Advanced Settings generic via filter on get_the_excerpt --><!-- AddThis Share Buttons generic via filter on get_the_excerpt --><\/p>\n","protected":false},"author":27,"featured_media":0,"comment_status":"open","ping_status":"closed","sticky":false,"template":"","format":"standard","meta":[],"categories":[4],"tags":[139,207,362,630,713],"_links":{"self":[{"href":"https:\/\/blogs.hoy.es\/senderosextremadura\/wp-json\/wp\/v2\/posts\/579"}],"collection":[{"href":"https:\/\/blogs.hoy.es\/senderosextremadura\/wp-json\/wp\/v2\/posts"}],"about":[{"href":"https:\/\/blogs.hoy.es\/senderosextremadura\/wp-json\/wp\/v2\/types\/post"}],"author":[{"embeddable":true,"href":"https:\/\/blogs.hoy.es\/senderosextremadura\/wp-json\/wp\/v2\/users\/27"}],"replies":[{"embeddable":true,"href":"https:\/\/blogs.hoy.es\/senderosextremadura\/wp-json\/wp\/v2\/comments?post=579"}],"version-history":[{"count":0,"href":"https:\/\/blogs.hoy.es\/senderosextremadura\/wp-json\/wp\/v2\/posts\/579\/revisions"}],"wp:attachment":[{"href":"https:\/\/blogs.hoy.es\/senderosextremadura\/wp-json\/wp\/v2\/media?parent=579"}],"wp:term":[{"taxonomy":"category","embeddable":true,"href":"https:\/\/blogs.hoy.es\/senderosextremadura\/wp-json\/wp\/v2\/categories?post=579"},{"taxonomy":"post_tag","embeddable":true,"href":"https:\/\/blogs.hoy.es\/senderosextremadura\/wp-json\/wp\/v2\/tags?post=579"}],"curies":[{"name":"wp","href":"https:\/\/api.w.org\/{rel}","templated":true}]}}