{"id":587,"date":"2012-05-22T17:27:55","date_gmt":"2012-05-22T17:27:55","guid":{"rendered":"http:\/\/blogs.hoy.es\/senderosextremadura\/?p=587"},"modified":"2012-05-22T17:27:55","modified_gmt":"2012-05-22T17:27:55","slug":"fin-de-semana-en-la-sierra-de-gredos-26-y-27-de-mayo","status":"publish","type":"post","link":"https:\/\/blogs.hoy.es\/senderosextremadura\/2012\/05\/22\/fin-de-semana-en-la-sierra-de-gredos-26-y-27-de-mayo\/","title":{"rendered":"Fin de semana en la Sierra de Gredos (26 y 27 de mayo)"},"content":{"rendered":"<p><span style=\"font-size: medium;\"><a href=\"https:\/\/blogs.hoy.es\/senderosextremadura\/2012\/05\/22\/fin-de-semana-en-la-sierra-de-gredos-26-y-27-de-mayo\/gredos-sierra\/\" rel=\"attachment wp-att-589\"><img loading=\"lazy\" class=\"aligncenter size-large wp-image-589\" title=\"gredos-sierra\" src=\"\/senderosextremadura\/wp-content\/uploads\/sites\/22\/2012\/05\/gredos-sierra.jpg\" alt=\"\" width=\"600\" height=\"187\" srcset=\"https:\/\/static-blogs.hoy.es\/wp-content\/uploads\/sites\/22\/2012\/05\/gredos-sierra.jpg 1280w, https:\/\/static-blogs.hoy.es\/wp-content\/uploads\/sites\/22\/2012\/05\/gredos-sierra-300x94.jpg 300w, https:\/\/static-blogs.hoy.es\/wp-content\/uploads\/sites\/22\/2012\/05\/gredos-sierra-768x240.jpg 768w, https:\/\/static-blogs.hoy.es\/wp-content\/uploads\/sites\/22\/2012\/05\/gredos-sierra-600x188.jpg 600w\" sizes=\"(max-width: 600px) 100vw, 600px\" \/><\/a><\/span><\/p>\n<p><span style=\"font-size: medium;\">El <strong>Club de Senderismo Em\u00e9rita Augusta<\/strong> ha programado para el pr\u00f3ximo fin de semana (26 y 27 de mayo) una ruta por la <strong>Sierra de Gredos<\/strong>. La salida desde M\u00e9rida tendr\u00e1 lugar a las 16,00 horas del Estadio Romano. El desplazamiento al lugar de inicio de la ruta se realiza en autob\u00fas particular.<\/span><\/p>\n<p><span style=\"font-size: medium;\">El club har\u00e1 una ruta lineal algo m\u00e1s corta que el a\u00f1o pasado, pero no por eso menos bonita, de tal manera que dependiendo de la climatolog\u00eda se opta por una u otra opci\u00f3n:<\/span><\/p>\n<p><span style=\"font-size: medium;\">1\u00aa opci\u00f3n: Bajar al refugio de <strong>Elola en la Laguna Negra<\/strong>, viendo y entrando hasta el final en el Circo de Gredos, hasta la base del Almanzor. Y comprobando la espectacularidad del circo al contrario que el a\u00f1o pasado, lo veremos desde abajo.<\/span><\/p>\n<p><span style=\"font-size: medium;\">2\u00aa opci\u00f3n: (Para los m\u00e1s atrevidos) Ver las cinco lagunas desdela <strong>Portilla del Rey<\/strong>, atravesando todo el Gargant\u00f3n con sus chorreras, cascadas y saltos de agua.<\/span><\/p>\n<p><span style=\"font-size: medium;\">El hostal est\u00e1 muy bien situado, en <strong>Navarredonda de Gredos<\/strong>, y cerca de la plataforma del comienzo de las rutas.<\/span><\/p>\n<p><span style=\"font-size: medium;\">\u00a0<strong>FICHA DELA RUTA<\/strong><\/span><\/p>\n<p><span style=\"font-size: medium;\">\u00a0&#8211; 4 horas y media, m\u00e1s los descansos<\/span><\/p>\n<p><span style=\"font-size: medium;\">&#8211; Dificultad media<\/span><\/p>\n<p><span style=\"font-size: medium;\">&#8211; Desnivel de subida:675 metrosacumulados<\/span><\/p>\n<p><span style=\"font-size: medium;\">&#8211; Desnivel de bajada:674 macumulado<\/span><\/p>\n<p><span style=\"font-size: medium;\">&#8211; Distancia:13 kil\u00f3metros.<\/span><\/p>\n<p><span style=\"font-size: medium;\">&#8211; Tipo de recorrido: lineal<\/span><\/p>\n<p>&nbsp;<\/p>\n<p><span style=\"font-size: medium;\">\u00a0<strong>CLUB DE SENDERISMO EM\u00c9RITA AUGUSTA<\/strong><\/span><\/p>\n<address><span style=\"font-size: medium;\"><strong>C\/. Villafranca de los Barros s\/n Estadio Romano, Fondo Sur, Sala n\u00ba 3 <\/strong><\/span><\/address>\n<address><span style=\"font-size: medium;\"><strong>06800 M\u00c9RIDA<\/strong><\/span><\/address>\n<address><span style=\"font-size: medium;\"><strong>Telf. 924388072 \/\/ 607375796<\/strong><\/span><\/address>\n<p><span style=\"font-size: medium;\"><strong>Web: <a href=\"http:\/\/www.telefonica.net\/web2\/senderismoemeritaaugusta\" target=\"_blank\" rel=\"external nofollow\">www.telefonica.net\/web2\/<wbr>senderismoemeritaaugusta<\/wbr><\/a><\/strong><\/span><\/p>\n<!-- AddThis Advanced Settings generic via filter on the_content --><!-- AddThis Share Buttons generic via filter on the_content -->","protected":false},"excerpt":{"rendered":"<p>El Club de Senderismo Em\u00e9rita Augusta ha programado para el pr\u00f3ximo fin de semana (26 y 27 de mayo) una ruta por la Sierra de Gredos. La salida desde M\u00e9rida tendr\u00e1 lugar a las 16,00 horas del Estadio Romano. El desplazamiento al lugar de inicio de la ruta se realiza en autob\u00fas particular. El club [&hellip;]<!-- AddThis Advanced Settings generic via filter on get_the_excerpt --><!-- AddThis Share Buttons generic via filter on get_the_excerpt --><\/p>\n","protected":false},"author":27,"featured_media":0,"comment_status":"open","ping_status":"closed","sticky":false,"template":"","format":"standard","meta":[],"categories":[4],"tags":[121,281,362,440,495,562,566,713,879,906],"_links":{"self":[{"href":"https:\/\/blogs.hoy.es\/senderosextremadura\/wp-json\/wp\/v2\/posts\/587"}],"collection":[{"href":"https:\/\/blogs.hoy.es\/senderosextremadura\/wp-json\/wp\/v2\/posts"}],"about":[{"href":"https:\/\/blogs.hoy.es\/senderosextremadura\/wp-json\/wp\/v2\/types\/post"}],"author":[{"embeddable":true,"href":"https:\/\/blogs.hoy.es\/senderosextremadura\/wp-json\/wp\/v2\/users\/27"}],"replies":[{"embeddable":true,"href":"https:\/\/blogs.hoy.es\/senderosextremadura\/wp-json\/wp\/v2\/comments?post=587"}],"version-history":[{"count":0,"href":"https:\/\/blogs.hoy.es\/senderosextremadura\/wp-json\/wp\/v2\/posts\/587\/revisions"}],"wp:attachment":[{"href":"https:\/\/blogs.hoy.es\/senderosextremadura\/wp-json\/wp\/v2\/media?parent=587"}],"wp:term":[{"taxonomy":"category","embeddable":true,"href":"https:\/\/blogs.hoy.es\/senderosextremadura\/wp-json\/wp\/v2\/categories?post=587"},{"taxonomy":"post_tag","embeddable":true,"href":"https:\/\/blogs.hoy.es\/senderosextremadura\/wp-json\/wp\/v2\/tags?post=587"}],"curies":[{"name":"wp","href":"https:\/\/api.w.org\/{rel}","templated":true}]}}