{"id":591,"date":"2012-05-25T17:04:23","date_gmt":"2012-05-25T17:04:23","guid":{"rendered":"http:\/\/blogs.hoy.es\/senderosextremadura\/?p=591"},"modified":"2012-05-25T17:04:23","modified_gmt":"2012-05-25T17:04:23","slug":"senderismo-en-familia-por-caceres-27-de-mayo","status":"publish","type":"post","link":"https:\/\/blogs.hoy.es\/senderosextremadura\/2012\/05\/25\/senderismo-en-familia-por-caceres-27-de-mayo\/","title":{"rendered":"Senderismo en familia por C\u00e1ceres (27 de mayo)"},"content":{"rendered":"<p><strong>\u00a0<a href=\"https:\/\/blogs.hoy.es\/senderosextremadura\/2012\/05\/25\/senderismo-en-familia-por-caceres-27-de-mayo\/parque-principe\/\" rel=\"attachment wp-att-592\"><img loading=\"lazy\" class=\"aligncenter size-large wp-image-592\" title=\"parque-principe\" src=\"\/senderosextremadura\/wp-content\/uploads\/sites\/22\/2012\/05\/parque-principe.jpg\" alt=\"\" width=\"600\" height=\"343\" srcset=\"https:\/\/static-blogs.hoy.es\/wp-content\/uploads\/sites\/22\/2012\/05\/parque-principe.jpg 911w, https:\/\/static-blogs.hoy.es\/wp-content\/uploads\/sites\/22\/2012\/05\/parque-principe-300x172.jpg 300w, https:\/\/static-blogs.hoy.es\/wp-content\/uploads\/sites\/22\/2012\/05\/parque-principe-768x439.jpg 768w, https:\/\/static-blogs.hoy.es\/wp-content\/uploads\/sites\/22\/2012\/05\/parque-principe-600x343.jpg 600w\" sizes=\"(max-width: 600px) 100vw, 600px\" \/><\/a><\/strong><\/p>\n<p><strong>El Parque del Pr\u00edncipe de C\u00e1ceres acoge este domingo d\u00eda 27 una comida intergeneracional denominada &#8216;Tr\u00e1ete tu bocata!&#8217; y un taller de visualizaci\u00f3n guiada, para dar paso a las 16,00 horas a una ruta senderista, y a las 18,00 horas al baile que pondr\u00e1 fin a la fiesta. Las actividades forman parte del D\u00eda Internacional de las Familias, que iba a celebrarse el pasado fin de semana y tuvo que suspenderse por la previsi\u00f3n de lluvia.<\/strong><\/p>\n<!-- AddThis Advanced Settings generic via filter on the_content --><!-- AddThis Share Buttons generic via filter on the_content -->","protected":false},"excerpt":{"rendered":"<p>\u00a0 El Parque del Pr\u00edncipe de C\u00e1ceres acoge este domingo d\u00eda 27 una comida intergeneracional denominada &#8216;Tr\u00e1ete tu bocata!&#8217; y un taller de visualizaci\u00f3n guiada, para dar paso a las 16,00 horas a una ruta senderista, y a las 18,00 horas al baile que pondr\u00e1 fin a la fiesta. Las actividades forman parte del D\u00eda [&hellip;]<!-- AddThis Advanced Settings generic via filter on get_the_excerpt --><!-- AddThis Share Buttons generic via filter on get_the_excerpt --><\/p>\n","protected":false},"author":27,"featured_media":0,"comment_status":"open","ping_status":"closed","sticky":false,"template":"","format":"standard","meta":[],"categories":[4],"tags":[],"_links":{"self":[{"href":"https:\/\/blogs.hoy.es\/senderosextremadura\/wp-json\/wp\/v2\/posts\/591"}],"collection":[{"href":"https:\/\/blogs.hoy.es\/senderosextremadura\/wp-json\/wp\/v2\/posts"}],"about":[{"href":"https:\/\/blogs.hoy.es\/senderosextremadura\/wp-json\/wp\/v2\/types\/post"}],"author":[{"embeddable":true,"href":"https:\/\/blogs.hoy.es\/senderosextremadura\/wp-json\/wp\/v2\/users\/27"}],"replies":[{"embeddable":true,"href":"https:\/\/blogs.hoy.es\/senderosextremadura\/wp-json\/wp\/v2\/comments?post=591"}],"version-history":[{"count":0,"href":"https:\/\/blogs.hoy.es\/senderosextremadura\/wp-json\/wp\/v2\/posts\/591\/revisions"}],"wp:attachment":[{"href":"https:\/\/blogs.hoy.es\/senderosextremadura\/wp-json\/wp\/v2\/media?parent=591"}],"wp:term":[{"taxonomy":"category","embeddable":true,"href":"https:\/\/blogs.hoy.es\/senderosextremadura\/wp-json\/wp\/v2\/categories?post=591"},{"taxonomy":"post_tag","embeddable":true,"href":"https:\/\/blogs.hoy.es\/senderosextremadura\/wp-json\/wp\/v2\/tags?post=591"}],"curies":[{"name":"wp","href":"https:\/\/api.w.org\/{rel}","templated":true}]}}