{"id":604,"date":"2012-05-28T10:10:19","date_gmt":"2012-05-28T10:10:19","guid":{"rendered":"http:\/\/blogs.hoy.es\/senderosextremadura\/?p=604"},"modified":"2012-05-28T10:10:19","modified_gmt":"2012-05-28T10:10:19","slug":"alange-acoge-una-ruta-nocturna-2-de-junio","status":"publish","type":"post","link":"https:\/\/blogs.hoy.es\/senderosextremadura\/2012\/05\/28\/alange-acoge-una-ruta-nocturna-2-de-junio\/","title":{"rendered":"Por la dehesa de Alange, linterna en mano (2 de junio)"},"content":{"rendered":"<p><span style=\"font-size: large;\"><a href=\"https:\/\/blogs.hoy.es\/senderosextremadura\/2012\/05\/28\/alange-acoge-una-ruta-nocturna-2-de-junio\/senderismo-2\/\" rel=\"attachment wp-att-605\"><img loading=\"lazy\" class=\"aligncenter size-full wp-image-605\" title=\"senderismo-\" src=\"\/senderosextremadura\/wp-content\/uploads\/sites\/22\/2012\/05\/senderismo-.jpg\" alt=\"\" width=\"641\" height=\"349\" srcset=\"https:\/\/static-blogs.hoy.es\/wp-content\/uploads\/sites\/22\/2012\/05\/senderismo--300x164.jpg 300w, https:\/\/static-blogs.hoy.es\/wp-content\/uploads\/sites\/22\/2012\/05\/senderismo--600x328.jpg 600w\" sizes=\"(max-width: 641px) 100vw, 641px\" \/><\/a><\/span><\/p>\n<p><span style=\"font-size: large;\">La asociaci\u00f3n senderista <strong><a href=\"http:\/\/patadelbuey.blogspot.com.es\/\" target=\"_blank\" rel=\"external nofollow\">\u2018Pata de buey\u2019<\/a> de Alange<\/strong> ha organizado para el pr\u00f3ximo \u00a02 de junio la ruta nocturna de la dehesa de la Arguijuela. La salida tendr\u00e1 lugar a las <strong>21 horas<\/strong> desde la fuente del <strong>Monumento del Agua<\/strong> \u2013La Laguna-.<\/span><\/p>\n<p><span style=\"font-size: large;\">Se trata de un trayecto lineal, de dificultada media-baja. Se recorrer\u00e1n16 kil\u00f3metros.\u00a0 La ida se har\u00e1 a\u00fan con la luz del d\u00eda \u2013con otro kil\u00f3metros de recorrido-, con un descanso para cenar y el regreso despu\u00e9s, de otros ocho kil\u00f3metros. Se recomienda llevar bebida y comida.<\/span><\/p>\n<p><span style=\"font-size: large;\">Es la pimera ruta de tipo lineal que realiza la asociaci\u00f3n. Con salida desde La Laguna toma la ruta direcci\u00f3n a San Isidro para atravesar la carretera de <strong>M\u00e9rida<\/strong> y continuar por la &#8216;Ca\u00f1ada de las Ca\u00f1adillas&#8217;, camino de la \u00e9poca de <strong>La Mesta<\/strong> que atraviesa una planta termosolar \u00a0y el antiguo <strong>&#8216;Cortijo de la Arguijuela<\/strong>&#8216; con su capilla y explotaci\u00f3n ganadera.<\/span><br \/>\n<span style=\"font-size: large;\"> La ca\u00edda del sol es muy atractiva para observar el tr\u00e1nsito de la fauna en la dehesa tales como liebres, perdices, codornices y variadas especies de rapaces.<\/span><\/p>\n<p><span style=\"font-size: large;\">Al llegar a la carretera de<strong> Torremej\u00eda<\/strong>, junto a una estaci\u00f3n meteorol\u00f3gica, se realizar\u00e1 el descanso y se retomar\u00e1n fuerzas para volver a atravesar la dehesa linterna en mano y escuchando los sonidos de la noche.<\/span><\/p>\n<p>&nbsp;<\/p>\n<p>&nbsp;<\/p>\n<p>&nbsp;<\/p>\n<p>M\u00c1S INFORMACI\u00d3N<\/p>\n<p><strong>http:\/\/patadelbuey.blogspot.com.es\/<\/strong><\/p>\n<p>&nbsp;<\/p>\n<p>&nbsp;<\/p>\n<!-- AddThis Advanced Settings generic via filter on the_content --><!-- AddThis Share Buttons generic via filter on the_content -->","protected":false},"excerpt":{"rendered":"<p>La asociaci\u00f3n senderista \u2018Pata de buey\u2019 de Alange ha organizado para el pr\u00f3ximo \u00a02 de junio la ruta nocturna de la dehesa de la Arguijuela. La salida tendr\u00e1 lugar a las 21 horas desde la fuente del Monumento del Agua \u2013La Laguna-. Se trata de un trayecto lineal, de dificultada media-baja. Se recorrer\u00e1n16 kil\u00f3metros.\u00a0 La [&hellip;]<!-- AddThis Advanced Settings generic via filter on get_the_excerpt --><!-- AddThis Share Buttons generic via filter on get_the_excerpt --><\/p>\n","protected":false},"author":27,"featured_media":0,"comment_status":"open","ping_status":"closed","sticky":false,"template":"","format":"standard","meta":[],"categories":[4],"tags":[86,112,301,607,713,906,942],"_links":{"self":[{"href":"https:\/\/blogs.hoy.es\/senderosextremadura\/wp-json\/wp\/v2\/posts\/604"}],"collection":[{"href":"https:\/\/blogs.hoy.es\/senderosextremadura\/wp-json\/wp\/v2\/posts"}],"about":[{"href":"https:\/\/blogs.hoy.es\/senderosextremadura\/wp-json\/wp\/v2\/types\/post"}],"author":[{"embeddable":true,"href":"https:\/\/blogs.hoy.es\/senderosextremadura\/wp-json\/wp\/v2\/users\/27"}],"replies":[{"embeddable":true,"href":"https:\/\/blogs.hoy.es\/senderosextremadura\/wp-json\/wp\/v2\/comments?post=604"}],"version-history":[{"count":0,"href":"https:\/\/blogs.hoy.es\/senderosextremadura\/wp-json\/wp\/v2\/posts\/604\/revisions"}],"wp:attachment":[{"href":"https:\/\/blogs.hoy.es\/senderosextremadura\/wp-json\/wp\/v2\/media?parent=604"}],"wp:term":[{"taxonomy":"category","embeddable":true,"href":"https:\/\/blogs.hoy.es\/senderosextremadura\/wp-json\/wp\/v2\/categories?post=604"},{"taxonomy":"post_tag","embeddable":true,"href":"https:\/\/blogs.hoy.es\/senderosextremadura\/wp-json\/wp\/v2\/tags?post=604"}],"curies":[{"name":"wp","href":"https:\/\/api.w.org\/{rel}","templated":true}]}}