{"id":61,"date":"2012-02-29T11:10:43","date_gmt":"2012-02-29T11:10:43","guid":{"rendered":"http:\/\/blogs.hoy.es\/senderosextremadura\/?p=61"},"modified":"2012-02-29T11:10:43","modified_gmt":"2012-02-29T11:10:43","slug":"ruta-por-los-encinares-de-fregenal-25-de-marzo","status":"publish","type":"post","link":"https:\/\/blogs.hoy.es\/senderosextremadura\/2012\/02\/29\/ruta-por-los-encinares-de-fregenal-25-de-marzo\/","title":{"rendered":"Ruta por los encinares de Fregenal (25 de marzo)"},"content":{"rendered":"<p><a href=\"\/senderosextremadura\/wp-content\/uploads\/sites\/22\/2012\/02\/jamon-dehesa1.jpg\"><img loading=\"lazy\" class=\"alignleft size-medium wp-image-63\" title=\"jamon-dehesa\" src=\"\/senderosextremadura\/wp-content\/uploads\/sites\/22\/2012\/02\/jamon-dehesa1.jpg\" alt=\"\" width=\"209\" height=\"300\" \/><\/a>El pr\u00f3ximo d\u00eda <strong>25 de marzo<\/strong> tendr\u00e1 lugar la <strong>IV edici\u00f3n dela Ruta del Jam\u00f3n yla Dehesa<\/strong>, organizada por la <strong>Asociaci\u00f3n de Senderismo \u2018<a href=\"http:\/\/lazancaja.blogspot.com\/\" target=\"_blank\" rel=\"external nofollow\">La Zancaj<\/a>\u00e1\u2019<\/strong>. Como en a\u00f1os anteriores, la ruta discurrir\u00e1 por los bellos encinares de <strong><a href=\"http:\/\/www.hoyfregenal.es\" rel=\"external nofollow\">Fregenal dela Sierra<\/a><\/strong>. La ruta principal recorrer\u00e1 20 kil\u00f3metros y la \u00a0alternativa, m\u00e1s corta, de 11 kil\u00f3metros.<\/p>\n<p>Igual que en las ediciones precedentes, una vez finalizada la ruta disfrutaremos de una sustanciosa <strong>degustaci\u00f3n de productos del cerdo ib\u00e9rico<\/strong> en todas sus modalidades: embutidos, carnes preparadas con recetas antiguas, jam\u00f3n, paleta, lomo, as\u00ed como de actividades de m\u00fasica y bailes tradicionales. Tambi\u00e9n habr\u00e1 m\u00fasica actual en directo.<\/p>\n<p>Es necesario inscribirse antes del 18 de marzo. Los participantes pueden apuntarse por correo electr\u00f3nico o tel\u00e9fono.<\/p>\n<p><strong><a href=\"mailto:la_era2009@hotmail.com\" target=\"_blank\">la_era2009@hotmail.com<\/a><\/strong>\u00a0 o al tel\u00e9fono 635.533092.<\/p>\n<p>Asociaci\u00f3n de Senderismo <strong><a href=\"http:\/\/lazancaja.blogspot.com\/\" target=\"_blank\" rel=\"external nofollow\">LA ZANCAJ\u00c1<\/a><\/strong>, Fregenal de la Sierra.<\/p>\n<p><strong>PARTICIPA: Env\u00edanos tu ruta a\u00a0<a href=\"mailto:senderismoextremadurahoy@gmail.com\" target=\"_blank\">senderismoextremadurahoy@gmail.com<\/a><\/strong><\/p>\n<p>&nbsp;<\/p>\n<p>&nbsp;<\/p>\n<p>&nbsp;<\/p>\n<p>Tambi\u00e9n est\u00e1n en <a href=\"http:\/\/www.facebook.com\/profile.php?id=100002218115374\" target=\"_blank\" rel=\"external nofollow\">Facebook<\/a>.<\/p>\n<!-- AddThis Advanced Settings generic via filter on the_content --><!-- AddThis Share Buttons generic via filter on the_content -->","protected":false},"excerpt":{"rendered":"<p>El pr\u00f3ximo d\u00eda 25 de marzo tendr\u00e1 lugar la IV edici\u00f3n dela Ruta del Jam\u00f3n yla Dehesa, organizada por la Asociaci\u00f3n de Senderismo \u2018La Zancaj\u00e1\u2019. Como en a\u00f1os anteriores, la ruta discurrir\u00e1 por los bellos encinares de Fregenal dela Sierra. La ruta principal recorrer\u00e1 20 kil\u00f3metros y la \u00a0alternativa, m\u00e1s corta, de 11 kil\u00f3metros. Igual [&hellip;]<!-- AddThis Advanced Settings generic via filter on get_the_excerpt --><!-- AddThis Share Buttons generic via filter on get_the_excerpt --><\/p>\n","protected":false},"author":27,"featured_media":0,"comment_status":"open","ping_status":"closed","sticky":false,"template":"","format":"standard","meta":[],"categories":[4],"tags":[135,194,251,287,301,322,399,409,713,942],"_links":{"self":[{"href":"https:\/\/blogs.hoy.es\/senderosextremadura\/wp-json\/wp\/v2\/posts\/61"}],"collection":[{"href":"https:\/\/blogs.hoy.es\/senderosextremadura\/wp-json\/wp\/v2\/posts"}],"about":[{"href":"https:\/\/blogs.hoy.es\/senderosextremadura\/wp-json\/wp\/v2\/types\/post"}],"author":[{"embeddable":true,"href":"https:\/\/blogs.hoy.es\/senderosextremadura\/wp-json\/wp\/v2\/users\/27"}],"replies":[{"embeddable":true,"href":"https:\/\/blogs.hoy.es\/senderosextremadura\/wp-json\/wp\/v2\/comments?post=61"}],"version-history":[{"count":0,"href":"https:\/\/blogs.hoy.es\/senderosextremadura\/wp-json\/wp\/v2\/posts\/61\/revisions"}],"wp:attachment":[{"href":"https:\/\/blogs.hoy.es\/senderosextremadura\/wp-json\/wp\/v2\/media?parent=61"}],"wp:term":[{"taxonomy":"category","embeddable":true,"href":"https:\/\/blogs.hoy.es\/senderosextremadura\/wp-json\/wp\/v2\/categories?post=61"},{"taxonomy":"post_tag","embeddable":true,"href":"https:\/\/blogs.hoy.es\/senderosextremadura\/wp-json\/wp\/v2\/tags?post=61"}],"curies":[{"name":"wp","href":"https:\/\/api.w.org\/{rel}","templated":true}]}}