{"id":616,"date":"2012-05-29T11:02:06","date_gmt":"2012-05-29T11:02:06","guid":{"rendered":"http:\/\/blogs.hoy.es\/senderosextremadura\/?p=616"},"modified":"2012-05-29T11:02:06","modified_gmt":"2012-05-29T11:02:06","slug":"senderismo-en-la-costa-de-cadiz-del-29-de-junio-al-1-de-julio","status":"publish","type":"post","link":"https:\/\/blogs.hoy.es\/senderosextremadura\/2012\/05\/29\/senderismo-en-la-costa-de-cadiz-del-29-de-junio-al-1-de-julio\/","title":{"rendered":"Senderismo en la costa de C\u00e1diz (del 29 de junio al 1 de julio)"},"content":{"rendered":"<p><span style=\"font-size: medium;\"><a href=\"https:\/\/blogs.hoy.es\/senderosextremadura\/2012\/05\/29\/senderismo-en-la-costa-de-cadiz-del-29-de-junio-al-1-de-julio\/blog-playa\/\" rel=\"attachment wp-att-617\"><img loading=\"lazy\" class=\"alignright size-medium wp-image-617\" title=\"blog-playa\" src=\"\/senderosextremadura\/wp-content\/uploads\/sites\/22\/2012\/05\/blog-playa.jpg\" alt=\"\" width=\"300\" height=\"180\" srcset=\"https:\/\/static-blogs.hoy.es\/wp-content\/uploads\/sites\/22\/2012\/05\/blog-playa.jpg 500w, https:\/\/static-blogs.hoy.es\/wp-content\/uploads\/sites\/22\/2012\/05\/blog-playa-300x180.jpg 300w\" sizes=\"(max-width: 300px) 100vw, 300px\" \/><\/a>Debido a la gran acogida del <strong>Fin de Semana de Senderismo y Playa en Portugal<\/strong> (con mucha gente en lista de espera), Explorer se ha visto obligada a lanzar otro fin de semana senderista en la <strong>Costa de C\u00e1diz, durante\u00a0 la Feria de San Juan<\/strong>. Por 150 euros por persona, el viaje incluye traslados, dos noches de habitaci\u00f3n doble, dos medias pensiones y dos rutas guiadas por el Parque Natural de La Bre\u00f1a, adem\u00e1s de los correspondientes seguros. Las plazas son limitadas<\/span><\/p>\n<p>&nbsp;<\/p>\n<p>INSCRIPCIONES<\/p>\n<p>+34 924251516 \/ +34 924242585<\/p>\n<p><a href=\"http:\/\/www.facebook.com\/EXTREMADURATURISMO\" target=\"_blank\" rel=\"external nofollow\"><strong>Exporer Badajoz<\/strong><\/a><\/p>\n<!-- AddThis Advanced Settings generic via filter on the_content --><!-- AddThis Share Buttons generic via filter on the_content -->","protected":false},"excerpt":{"rendered":"<p>Debido a la gran acogida del Fin de Semana de Senderismo y Playa en Portugal (con mucha gente en lista de espera), Explorer se ha visto obligada a lanzar otro fin de semana senderista en la Costa de C\u00e1diz, durante\u00a0 la Feria de San Juan. Por 150 euros por persona, el viaje incluye traslados, dos [&hellip;]<!-- AddThis Advanced Settings generic via filter on get_the_excerpt --><!-- AddThis Share Buttons generic via filter on get_the_excerpt --><\/p>\n","protected":false},"author":27,"featured_media":0,"comment_status":"open","ping_status":"closed","sticky":false,"template":"","format":"standard","meta":[],"categories":[4],"tags":[86,124,299,421,642,792,886,906,944],"_links":{"self":[{"href":"https:\/\/blogs.hoy.es\/senderosextremadura\/wp-json\/wp\/v2\/posts\/616"}],"collection":[{"href":"https:\/\/blogs.hoy.es\/senderosextremadura\/wp-json\/wp\/v2\/posts"}],"about":[{"href":"https:\/\/blogs.hoy.es\/senderosextremadura\/wp-json\/wp\/v2\/types\/post"}],"author":[{"embeddable":true,"href":"https:\/\/blogs.hoy.es\/senderosextremadura\/wp-json\/wp\/v2\/users\/27"}],"replies":[{"embeddable":true,"href":"https:\/\/blogs.hoy.es\/senderosextremadura\/wp-json\/wp\/v2\/comments?post=616"}],"version-history":[{"count":0,"href":"https:\/\/blogs.hoy.es\/senderosextremadura\/wp-json\/wp\/v2\/posts\/616\/revisions"}],"wp:attachment":[{"href":"https:\/\/blogs.hoy.es\/senderosextremadura\/wp-json\/wp\/v2\/media?parent=616"}],"wp:term":[{"taxonomy":"category","embeddable":true,"href":"https:\/\/blogs.hoy.es\/senderosextremadura\/wp-json\/wp\/v2\/categories?post=616"},{"taxonomy":"post_tag","embeddable":true,"href":"https:\/\/blogs.hoy.es\/senderosextremadura\/wp-json\/wp\/v2\/tags?post=616"}],"curies":[{"name":"wp","href":"https:\/\/api.w.org\/{rel}","templated":true}]}}