{"id":620,"date":"2012-05-31T08:51:40","date_gmt":"2012-05-31T08:51:40","guid":{"rendered":"http:\/\/blogs.hoy.es\/senderosextremadura\/?p=620"},"modified":"2012-05-31T08:51:40","modified_gmt":"2012-05-31T08:51:40","slug":"travesia-por-la-garganta-de-los-caballeros-17-de-junio","status":"publish","type":"post","link":"https:\/\/blogs.hoy.es\/senderosextremadura\/2012\/05\/31\/travesia-por-la-garganta-de-los-caballeros-17-de-junio\/","title":{"rendered":"Traves\u00eda por la Garganta de los Caballeros ( 17 de junio)"},"content":{"rendered":"<p><span style=\"font-size: large;\">El <a href=\"http:\/\/www.cecanavalmoral.files.wordpress.com\/2011\/12\/calendario-blog1.pdf\" target=\"_blank\" rel=\"external nofollow\"><strong>Centro Excursionista de Campo Ara\u00f1uelo (CECA)<\/strong><\/a> de Navalmoral de la Mata organiza para el 17 de junio la Traves\u00eda de la Garganta de los Caballeros, en la Sierra de Gredos (\u00c1vila). Transcurre por Navalguijo y Guijo de Santa B\u00e1rbara. Se recorrer\u00e1n unos 20 kil\u00f3metros aproximadamente. La salida tendr\u00e1 lugar a las 7.30 horas y la duraci\u00f3n de ocho horas.<\/span><\/p>\n<p>M\u00c1S INFORMACI\u00d3N<\/p>\n<p>http:\/\/cecanavalmoral.wordpress.com\/<\/p>\n<!-- AddThis Advanced Settings generic via filter on the_content --><!-- AddThis Share Buttons generic via filter on the_content -->","protected":false},"excerpt":{"rendered":"<p>El Centro Excursionista de Campo Ara\u00f1uelo (CECA) de Navalmoral de la Mata organiza para el 17 de junio la Traves\u00eda de la Garganta de los Caballeros, en la Sierra de Gredos (\u00c1vila). Transcurre por Navalguijo y Guijo de Santa B\u00e1rbara. Se recorrer\u00e1n unos 20 kil\u00f3metros aproximadamente. La salida tendr\u00e1 lugar a las 7.30 horas y [&hellip;]<!-- AddThis Advanced Settings generic via filter on get_the_excerpt --><!-- AddThis Share Buttons generic via filter on get_the_excerpt --><\/p>\n","protected":false},"author":27,"featured_media":0,"comment_status":"open","ping_status":"closed","sticky":false,"template":"","format":"standard","meta":[],"categories":[4],"tags":[57,79,114,144,298,338,362,557,906],"_links":{"self":[{"href":"https:\/\/blogs.hoy.es\/senderosextremadura\/wp-json\/wp\/v2\/posts\/620"}],"collection":[{"href":"https:\/\/blogs.hoy.es\/senderosextremadura\/wp-json\/wp\/v2\/posts"}],"about":[{"href":"https:\/\/blogs.hoy.es\/senderosextremadura\/wp-json\/wp\/v2\/types\/post"}],"author":[{"embeddable":true,"href":"https:\/\/blogs.hoy.es\/senderosextremadura\/wp-json\/wp\/v2\/users\/27"}],"replies":[{"embeddable":true,"href":"https:\/\/blogs.hoy.es\/senderosextremadura\/wp-json\/wp\/v2\/comments?post=620"}],"version-history":[{"count":0,"href":"https:\/\/blogs.hoy.es\/senderosextremadura\/wp-json\/wp\/v2\/posts\/620\/revisions"}],"wp:attachment":[{"href":"https:\/\/blogs.hoy.es\/senderosextremadura\/wp-json\/wp\/v2\/media?parent=620"}],"wp:term":[{"taxonomy":"category","embeddable":true,"href":"https:\/\/blogs.hoy.es\/senderosextremadura\/wp-json\/wp\/v2\/categories?post=620"},{"taxonomy":"post_tag","embeddable":true,"href":"https:\/\/blogs.hoy.es\/senderosextremadura\/wp-json\/wp\/v2\/tags?post=620"}],"curies":[{"name":"wp","href":"https:\/\/api.w.org\/{rel}","templated":true}]}}