{"id":631,"date":"2012-06-01T16:18:36","date_gmt":"2012-06-01T16:18:36","guid":{"rendered":"http:\/\/blogs.hoy.es\/senderosextremadura\/?p=631"},"modified":"2012-06-01T16:18:36","modified_gmt":"2012-06-01T16:18:36","slug":"trekking-por-los-picos-de-europa-25-29-de-junio","status":"publish","type":"post","link":"https:\/\/blogs.hoy.es\/senderosextremadura\/2012\/06\/01\/trekking-por-los-picos-de-europa-25-29-de-junio\/","title":{"rendered":"Trekking por los Picos de Europa (25-29 de junio)"},"content":{"rendered":"<p><span style=\"font-size: medium;\"><a href=\"https:\/\/blogs.hoy.es\/senderosextremadura\/2012\/06\/01\/trekking-por-los-picos-de-europa-25-29-de-junio\/picos\/\" rel=\"attachment wp-att-633\"><img loading=\"lazy\" class=\"alignright size-full wp-image-633\" title=\"picos\" src=\"\/senderosextremadura\/wp-content\/uploads\/sites\/22\/2012\/06\/picos.jpg\" alt=\"\" width=\"400\" height=\"550\" srcset=\"https:\/\/static-blogs.hoy.es\/wp-content\/uploads\/sites\/22\/2012\/06\/picos.jpg 400w, https:\/\/static-blogs.hoy.es\/wp-content\/uploads\/sites\/22\/2012\/06\/picos-218x300.jpg 218w\" sizes=\"(max-width: 400px) 100vw, 400px\" \/><\/a>El pr\u00f3ximo 24 de junio, el <strong>Club GR100<\/strong> realiza un trekking por el macizo central de los Picos de Europa (Asturias). El trekking comienza en la localidad de Fuente D\u00e9 (Cantabria) y a trav\u00e9s de 4 etapas, finalizaremos en la localidad asturiana, de Arenas de Cabrales, habiendo recorrido de sur a norte el macizo central. La actividad no requiere ninguna formaci\u00f3n t\u00e9cnica, aunque es muy recomendable estar en buena forma f\u00edsica y tener experiencia en trekking de varias jornadas. \u00a0A continuaci\u00f3n os detallamos el programa y la forma de apuntarse a la actividad.<\/span><\/p>\n<p><span style=\"font-size: medium;\"> <strong><span style=\"text-decoration: underline;\">PROGRAMA DEL TREKKING<br \/>\n<\/span><\/strong>\u00a0<\/span><br \/>\n<span style=\"font-size: medium;\"> <strong><span style=\"text-decoration: underline;\">24 DE JUNIO<br \/>\n<\/span><\/strong>\u00a0<\/span><br \/>\n<span style=\"font-size: medium;\"> Llegada a la localidad de Vega de Li\u00e9bana (Cantabria),\u00a0 alojamiento y cena. <\/span><\/p>\n<p><span style=\"font-size: medium;\"> <strong><span style=\"text-decoration: underline;\">25 DE JUNIO. ETAPA 1<br \/>\n<\/span><\/strong><\/span><br \/>\n<span style=\"font-size: medium;\"> A primera hora de la ma\u00f1ana nos trasladaremos a Fuente De. Punto de partida de trekking,\u00a0 y comienzo de la actividad<\/span><\/p>\n<p><span style=\"font-size: medium;\"> <strong>Fuente De \u2013 Canal del Embudo \u2013 Vega de Liordes \u2013 Las Colladinas \u2013 Refugio Collado Jermoso.<br \/>\n<\/strong><\/span><br \/>\n<span style=\"font-size: medium;\"> <strong><em><span style=\"text-decoration: underline;\">A destacar<br \/>\n<\/span><\/em><\/strong>\u00a0<\/span><\/p>\n<ul>\n<li><span style=\"font-size: medium;\">La subida ala Vegade Liordes porla Canaldel Embudo.<\/span><\/li>\n<li><span style=\"font-size: medium;\">La Vegade Liordes<\/span><\/li>\n<li><span style=\"font-size: medium;\">El refugio de Collado Jermoso, por su emplazamiento (a modo de nido de \u00e1guilas) lo hace uno de los refugios mas \u00a0\u00a0\u00a0\u00a0\u00a0alpinos dela Pen\u00ednsula Ib\u00e9rica.<\/span><\/li>\n<li><span style=\"font-size: medium;\">La puesta de sol desde el refugio, con Pe\u00f1a Santa al fondo.<\/span><\/li>\n<\/ul>\n<p><span style=\"font-size: medium;\"> <strong><span style=\"text-decoration: underline;\">26 DE JUNIO. ETAPA 2<br \/>\n<\/span><\/strong><\/span><br \/>\n<span style=\"font-size: medium;\"> La etapa mas larga de todo el trekking (alrededor de 7 horas de duraci\u00f3n), pero majestuosa ya que discurre por zonas donde el macizo central de Picos de Europa s nos muestra en todo su esplendor. Visitaremos el conocido refugio de emergencia llamado Caba\u00f1a Ver\u00f3nica.<\/span><\/p>\n<p><span style=\"font-size: medium;\"> <strong>Refugio Collado Jermoso \u2013 Las Colladinas \u2013 Tiro Casares \u2013 Caba\u00f1a Ver\u00f3nica \u2013 Horcados Rojos \u2013 Jou Sin Terre \u2013 Refugio J. Delgado \u00dabeda (Naranjo de Bulnes)<br \/>\n<\/strong><\/span><span style=\"font-size: medium;\"><strong><em><span style=\"text-decoration: underline;\"><br \/>\n<\/span><\/em><\/strong><\/span><\/p>\n<ul>\n<li><span style=\"font-size: medium;\">Panor\u00e1mica desde Tiro Casares<\/span><\/li>\n<li><span style=\"font-size: medium;\">Refugio de emergencia Caba\u00f1a Ver\u00f3nica<\/span><\/li>\n<li><span style=\"font-size: medium;\">Bajada del murall\u00f3n de Horcados Rojos<\/span><\/li>\n<li><span style=\"font-size: medium;\">Refugio J. Delgado \u00dabeda<\/span><\/li>\n<li><span style=\"font-size: medium;\">La impresionante mole de roca caliza que da forma al Picu Urriellu o Naranjo de Bulnes<\/span><\/li>\n<li><span style=\"font-size: medium;\">El mar de nubes que se puede observar al atardecer desde el refugio del Naranjo de Bulnes.<\/span><\/li>\n<\/ul>\n<p><span style=\"font-size: medium;\"> <strong><span style=\"text-decoration: underline;\">27 DE JUNIO. ETAPA 3<br \/>\n<\/span><\/strong><\/span><br \/>\n<span style=\"font-size: medium;\"> Etapa corta y de descanso (3,30 h de duraci\u00f3n), que nos llevara al Refugio de Cabrones. Refugio situado a la sombra del Pico que le da\u00a0 nombre y con acceso al la Collada del Agua, donde podremos observar una de las mejores puestas de sol de todo el macizo.<\/span><\/p>\n<p><span style=\"font-size: medium;\"> <strong>Refugio Urriellu \u2013 Corona el Rasu \u2013 Horcada Arenera \u2013 Refugio de Cabrones<\/strong><strong><em><br \/>\n<\/em><\/strong>\u00a0<\/span><\/p>\n<ul>\n<li><span style=\"font-size: medium;\">Refugio de Cabrones<\/span><\/li>\n<li><span style=\"font-size: medium;\">Puesta de sol desde la Colladadel \u00a0\u00a0\u00a0\u00a0\u00a0Agua.<\/span><span style=\"font-size: medium;\"> <strong><span style=\"text-decoration: underline;\">28 DE JUNIO. ETAPA 4<br \/>\n<\/span><\/strong><\/span><br \/>\n<span style=\"font-size: medium;\"> Ultima etapa del trekking, descenderemos por dos canales de una belleza extraordinaria, como son: la Canal de Amuela y la Canal del Texu. Adem\u00e1s podremos degustar platos t\u00edpicos asturianos al llegar al poblado de Bulnes, y ya por la noche, despu\u00e9s de una relajante ducha en el hotel de Arenas de Cabrales, disfrutaremos de la cena de clausura del trekking.<\/span><span style=\"font-size: medium;\"> <strong>Refugio De Cabrones \u2013 Cuetos del Trave \u2013 Canal de Amuesa \u2013 Bulnes \u2013 Canal del Texu \u2013 Puente Poncebos \u2013 Arenas de Cabrales<br \/>\n<\/strong>\u00a0<\/span><span style=\"font-size: medium;\"> <strong><em><span style=\"text-decoration: underline;\">A destacar<br \/>\n<\/span><\/em><\/strong>\u00a0<\/span><\/li>\n<\/ul>\n<ul>\n<li><span style=\"font-size: medium;\">Canal de Amuesa<\/span><\/li>\n<li><span style=\"font-size: medium;\">Poblado de Bulnes<\/span><\/li>\n<li><span style=\"font-size: medium;\">Canal del Texu<\/span><span style=\"font-size: medium;\"> <strong><span style=\"text-decoration: underline;\">29 DE JUNIO<br \/>\n<\/span><\/strong><\/span><br \/>\n<span style=\"font-size: medium;\"> Por la ma\u00f1ana, una vez desayunados, un taxi, nos desplazara a trav\u00e9s del desfiladero de la Hermida a Fuente D\u00e9, lugar donde iniciamos el trekking, para comenzar el viaje de regreso.<\/span><span style=\"font-size: medium;\"> <strong>Arenas de Cabrales &#8211;\u00a0 Fuente D\u00e9. (en vehiculo)<\/strong> <\/span><span style=\"font-size: medium;\"> <strong><span style=\"text-decoration: underline;\">IMPORTE DEL TREKKING<br \/>\n<\/span><\/strong>\u00a0<\/span><\/p>\n<p><span style=\"font-size: medium;\"> El importe del trekking es de <strong><span style=\"text-decoration: underline;\">195 euros<\/span><\/strong> e incluye:<\/span><\/li>\n<\/ul>\n<ul>\n<li><span style=\"font-size: medium;\"><strong><em>1 noche en r\u00e9gimen de media \u00a0\u00a0\u00a0\u00a0\u00a0pensi\u00f3n (desayuno\/cena) en albergue. <\/em><\/strong><\/span><\/li>\n<li><span style=\"font-size: medium;\"><strong><em>3 noches de refugios en r\u00e9gimen \u00a0\u00a0\u00a0\u00a0\u00a0de media pensi\u00f3n (desayuno\/cena) <\/em><\/strong><\/span><\/li>\n<li><span style=\"font-size: medium;\"><strong><em>1 noche de hotel en r\u00e9gimen de \u00a0\u00a0\u00a0\u00a0\u00a0alojamiento y desayuno <\/em><\/strong><\/span><\/li>\n<li><span style=\"font-size: medium;\"><strong><em>Transporte de Puente Poncebos a \u00a0\u00a0\u00a0\u00a0\u00a0Arenas de Cabrales <\/em><\/strong><\/span><\/li>\n<li><span style=\"font-size: medium;\"><strong><em>Transporte de Arenas de \u00a0\u00a0\u00a0\u00a0\u00a0Cabrales a Fuente D\u00e9<\/em><\/strong><\/span><\/li>\n<\/ul>\n<p><span style=\"font-size: medium;\"> El transporte desde Badajoz\/C\u00e1ceres, (no incluido) se decidir\u00e1 entre los asistentes una vez cerrado las inscripciones.<\/span><\/p>\n<p><span style=\"font-size: medium;\"> <strong><em>NOTA IMPORTANTE:<\/em><\/strong><em> Para poder participar en el trekking, es requisito imprescindible, estar en posesi\u00f3n de la Tarjeta Federativa modalidad A, del a\u00f1o en curso. Si no dispones de ella, desde el club te la podemos gestionar. El importe de la tarjeta federativa es de 59 euros.<br \/>\n<\/em><\/span><br \/>\n<span style=\"font-size: medium;\"> <strong><span style=\"text-decoration: underline;\">RESERVA DE PLAZA<\/span><\/strong><strong><span style=\"text-decoration: underline;\"><br \/>\n<\/span><\/strong>\u00a0<\/span><br \/>\n<span style=\"font-size: medium;\"> Para poder asistir deber\u00e1s enviarnos un email a <strong><a href=\"https:\/\/mail.google.com\/mail\/u\/0\/h\/vgrygmcn8mgl\/?&#038;v=b&#038;cs=wh&#038;to=actividades@clubgr100.com\" target=\"_blank\">actividades@clubgr100.com<\/a><\/strong>, con tu nombre y numero de tel\u00e9fono, solicitando la reserva de plaza, que quedara confirmada una vez que realices el ingreso del importe del trekking (195 euros),\u00a0 en el siguiente numero de cuenta:<\/span><\/p>\n<p><span style=\"font-size: medium;\"> <strong><span style=\"text-decoration: underline;\">Caja Duero <a href=\"tel:2104%200377%2039\" target=\"_blank\">2104 0377 39<\/a> <a href=\"tel:9063141868\" target=\"_blank\">9063141868<\/a>.<br \/>\n<\/span><\/strong><\/span><br \/>\n<span style=\"font-size: medium;\"> <strong>El plazo de inscripci\u00f3n finaliza el 4 de Junio de 2012. Plazas limitadas.<\/strong><\/span><br \/>\n<span style=\"font-size: medium;\">\u00a0<strong><\/strong><\/span><br \/>\n<span style=\"font-size: medium;\"> Si quieres realizar alguna consulta no dudes en llamar a los siguientes tel\u00e9fonos<\/span><\/p>\n<p><span style=\"font-size: medium;\"> \u00a0\u00a0\u00a0 * 654 551 304. DIEGO MOSTAZO (C\u00c1CERES)<\/span><\/p>\n<p><span style=\"font-size: medium;\"> \u00a0\u00a0\u00a0 * 608 516 568. GONZALO S\u00c1NCHEZ-SU\u00c1REZ (BADAJOZ)<\/span><\/p>\n<!-- AddThis Advanced Settings generic via filter on the_content --><!-- AddThis Share Buttons generic via filter on the_content -->","protected":false},"excerpt":{"rendered":"<p>El pr\u00f3ximo 24 de junio, el Club GR100 realiza un trekking por el macizo central de los Picos de Europa (Asturias). El trekking comienza en la localidad de Fuente D\u00e9 (Cantabria) y a trav\u00e9s de 4 etapas, finalizaremos en la localidad asturiana, de Arenas de Cabrales, habiendo recorrido de sur a norte el macizo central. [&hellip;]<!-- AddThis Advanced Settings generic via filter on get_the_excerpt --><!-- AddThis Share Buttons generic via filter on get_the_excerpt --><\/p>\n","protected":false},"author":27,"featured_media":0,"comment_status":"open","ping_status":"closed","sticky":false,"template":"","format":"standard","meta":[],"categories":[4],"tags":[73,86,121,295,630,1035],"_links":{"self":[{"href":"https:\/\/blogs.hoy.es\/senderosextremadura\/wp-json\/wp\/v2\/posts\/631"}],"collection":[{"href":"https:\/\/blogs.hoy.es\/senderosextremadura\/wp-json\/wp\/v2\/posts"}],"about":[{"href":"https:\/\/blogs.hoy.es\/senderosextremadura\/wp-json\/wp\/v2\/types\/post"}],"author":[{"embeddable":true,"href":"https:\/\/blogs.hoy.es\/senderosextremadura\/wp-json\/wp\/v2\/users\/27"}],"replies":[{"embeddable":true,"href":"https:\/\/blogs.hoy.es\/senderosextremadura\/wp-json\/wp\/v2\/comments?post=631"}],"version-history":[{"count":0,"href":"https:\/\/blogs.hoy.es\/senderosextremadura\/wp-json\/wp\/v2\/posts\/631\/revisions"}],"wp:attachment":[{"href":"https:\/\/blogs.hoy.es\/senderosextremadura\/wp-json\/wp\/v2\/media?parent=631"}],"wp:term":[{"taxonomy":"category","embeddable":true,"href":"https:\/\/blogs.hoy.es\/senderosextremadura\/wp-json\/wp\/v2\/categories?post=631"},{"taxonomy":"post_tag","embeddable":true,"href":"https:\/\/blogs.hoy.es\/senderosextremadura\/wp-json\/wp\/v2\/tags?post=631"}],"curies":[{"name":"wp","href":"https:\/\/api.w.org\/{rel}","templated":true}]}}