{"id":640,"date":"2012-06-13T20:18:39","date_gmt":"2012-06-13T20:18:39","guid":{"rendered":"http:\/\/blogs.hoy.es\/senderosextremadura\/?p=640"},"modified":"2012-06-13T20:18:39","modified_gmt":"2012-06-13T20:18:39","slug":"chorrera-de-la-mora-con-el-club-gr-100-17-de-junio","status":"publish","type":"post","link":"https:\/\/blogs.hoy.es\/senderosextremadura\/2012\/06\/13\/chorrera-de-la-mora-con-el-club-gr-100-17-de-junio\/","title":{"rendered":"Hasta la Chorrera de la Mora, en La Vera (17 de junio)"},"content":{"rendered":"<p><span style=\"font-size: medium;\"><a href=\"https:\/\/blogs.hoy.es\/senderosextremadura\/2012\/06\/13\/chorrera-de-la-mora-con-el-club-gr-100-17-de-junio\/chorrera\/\" rel=\"attachment wp-att-641\"><img loading=\"lazy\" class=\"aligncenter size-large wp-image-641\" title=\"chorrera\" src=\"\/senderosextremadura\/wp-content\/uploads\/sites\/22\/2012\/06\/chorrera.jpg\" alt=\"\" width=\"600\" height=\"420\" srcset=\"https:\/\/static-blogs.hoy.es\/wp-content\/uploads\/sites\/22\/2012\/06\/chorrera.jpg 1000w, https:\/\/static-blogs.hoy.es\/wp-content\/uploads\/sites\/22\/2012\/06\/chorrera-300x210.jpg 300w, https:\/\/static-blogs.hoy.es\/wp-content\/uploads\/sites\/22\/2012\/06\/chorrera-768x538.jpg 768w, https:\/\/static-blogs.hoy.es\/wp-content\/uploads\/sites\/22\/2012\/06\/chorrera-600x420.jpg 600w\" sizes=\"(max-width: 600px) 100vw, 600px\" \/><\/a>Se acerca el verano y el intenso calor, lo que nos obliga a realizar una pausa en nuestras rutas de senderismo, hasta finales de septiembre, no sin antes realizar la ruta a la <strong>\u201cChorrera de la Mora\u201d. <\/strong>\u00a0Para ello, este pr\u00f3ximo 17 de junio nos desplazamos a <strong><a href=\"http:\/\/www.comarcadelavera.com\/2.0\/\" target=\"_blank\" rel=\"external nofollow\">La Vera<\/a><\/strong>.<\/span><\/p>\n<p><span style=\"font-size: medium;\">La ruta comienza en la fuente de los ocho ca\u00f1os, en la localidad de <strong><a href=\"http:\/\/www.aldeanuevadelavera.es\/\" target=\"_blank\" rel=\"external nofollow\">Aldeanueva de la Vera<\/a><\/strong>, famosa ya que <strong><a href=\"http:\/\/es.wikipedia.org\/wiki\/Carlos_I_de_Espa%C3%B1a\" target=\"_blank\" rel=\"external nofollow\">Carlos V<\/a><\/strong>, en su retiro a Yuste, se detuvo a beber agua. Sale del pueblo por una antigua colada recorriendo <strong>huertos y frutales<\/strong>.\u00a0 M\u00e1s adelante, ya adentrados en la sierra, iremos progresando en nuestra subida por un sendero de tierra y a trav\u00e9s de <strong>frondosos bosques de roble<\/strong>, que nos proporcionar\u00e1n refugio de los calurosos rayos de sol.<\/span><\/p>\n<p><span style=\"font-size: medium;\">Atravesaremos la <strong>Garganta del Moro<\/strong>, y unos kil\u00f3metros m\u00e1s adelante, llegaremos a un prado, desde donde tendremos buenas vistas de la Chorrera de la Mora y la <strong>Sierra de Tormantos<\/strong>. Hasta aqu\u00ed, habr\u00e1 pasado un par de horas desde que comenzamos la ruta, sin dificultad ninguna.<\/span><\/p>\n<p><span style=\"font-size: medium;\">Llegados a este punto nos tomaremos un descanso antes de iniciar la ruta de vuelta al pueblo. En esta pausa acompa\u00f1aremos a todos los que deseen ascender a la primera cascada de la Chorrera. Esta ascensi\u00f3n, de unos 100 m de desnivel, se realiza por terreno con pendiente de inclinaci\u00f3n moderada y a trav\u00e9s de vegetaci\u00f3n frondosa (helechos, escobas, zarza\u2026etc).<\/span><\/p>\n<p><span style=\"font-size: medium;\">Terminado este tiempo de descanso para unos, y de ascensi\u00f3n para otros, regresaremos a Aldeanueva para finalizar la ruta, y poder refrescarnos en la <strong>garganta Jaranda<\/strong>, antes de coger el autob\u00fas y regresar a casa. Para ello echaremos en la mochila ropa de ba\u00f1o.<\/span><\/p>\n<p><strong><span style=\"font-size: medium;\">PERFIL DE LA RUTA<\/span><\/strong><\/p>\n<p><span style=\"font-size: medium;\">Longitud: 10,2 km. <\/span><\/p>\n<p><span style=\"font-size: medium;\">Desnivel: 370 m.<\/span><\/p>\n<p><span style=\"font-size: medium;\">Duracion: 4 horas. <\/span><\/p>\n<p><span style=\"font-size: medium;\">Nivel: Bajo. <\/span><\/p>\n<p><span style=\"font-size: medium;\">Terreno:\u00a0 Antiguas coladas, pistas y senderos de tierra<\/span><\/p>\n<p><span style=\"font-size: medium;\">RESERVA DE PLAZA<\/span><\/p>\n<p><span style=\"font-size: medium;\">Si estas interesado en venir no olvides realizar tu reserva de plaza, envi\u00e1ndonos un email a <a href=\"mailto:actividades@clubgr100.com,\" target=\"_blank\"><strong>actividades@clubgr100.com<\/strong>,<\/a> con tu nombre y numero de tel\u00e9fono, solicitando la reserva de plaza, que quedara confirmada una vez que realices el ingreso del importe de la ruta (20\u20ac),\u00a0 en el siguiente numero de cuenta:<\/span><\/p>\n<p><span style=\"font-size: medium;\">Caja Duero 2104 0377 39 9063141868.<\/span><\/p>\n<p><span style=\"font-size: medium;\">Tambi\u00e9n puedes inscribirte en :<\/span><\/p>\n<p><span style=\"font-size: medium;\">INTERSPORT PONCE Centro Comercial Conquistadores BADAJOZ<\/span><\/p>\n<p><span style=\"font-size: medium;\">GIMNASIO FITNESS 54 SPA, C\/G\u00f3mez de Sol\u00eds 8 BADAJOZ.<\/span><\/p>\n<p><span style=\"font-size: medium;\">INTERSPORT MOSTAZO c\/San Pedro, 1 CACERES.<\/span><\/p>\n<p><span style=\"font-size: medium;\">La salida de los autobuses ser\u00e1n las siguientes:<\/span><\/p>\n<p><span style=\"font-size: medium;\">Desde Badajoz: A las 7:30 a.m. desde la Iglesia de San Jos\u00e9.<\/span><\/p>\n<p><span style=\"font-size: medium;\">Desde C\u00e1ceres: A las 8:30 a.m. desde el Nuevo Palacio de Congresos (Antes Auditorio).<\/span><\/p>\n<p><span style=\"font-size: medium;\">Si quieres realizar alguna consulta no dudes en llamar a los siguientes tel\u00e9fonos<\/span><\/p>\n<p><span style=\"font-size: medium;\">654 551 304. DIEGO MOSTAZO (CACERES)<\/span><\/p>\n<p><span style=\"font-size: medium;\">608 516 568. GONZALO S\u00c1NCHEZ-SU\u00c1REZ (BADAJOZ)<\/span><\/p>\n<p><span style=\"font-size: medium;\">No te demores. TE ESPERAMOS. <\/span><\/p>\n<p><a href=\"http:\/\/www.clubgr100.com\/\" target=\"_blank\" rel=\"external nofollow\"><strong><span style=\"font-size: medium;\">Club GR 100<\/span><\/strong><\/a><br \/>\n<span style=\"font-size: medium;\"><br \/>\n<\/span><\/p>\n<!-- AddThis Advanced Settings generic via filter on the_content --><!-- AddThis Share Buttons generic via filter on the_content -->","protected":false},"excerpt":{"rendered":"<p>Se acerca el verano y el intenso calor, lo que nos obliga a realizar una pausa en nuestras rutas de senderismo, hasta finales de septiembre, no sin antes realizar la ruta a la \u201cChorrera de la Mora\u201d. \u00a0Para ello, este pr\u00f3ximo 17 de junio nos desplazamos a La Vera. La ruta comienza en la fuente [&hellip;]<!-- AddThis Advanced Settings generic via filter on get_the_excerpt --><!-- AddThis Share Buttons generic via filter on get_the_excerpt --><\/p>\n","protected":false},"author":27,"featured_media":0,"comment_status":"open","ping_status":"closed","sticky":false,"template":"","format":"standard","meta":[],"categories":[4],"tags":[26,121,205,301,338,713,906,942,1072],"_links":{"self":[{"href":"https:\/\/blogs.hoy.es\/senderosextremadura\/wp-json\/wp\/v2\/posts\/640"}],"collection":[{"href":"https:\/\/blogs.hoy.es\/senderosextremadura\/wp-json\/wp\/v2\/posts"}],"about":[{"href":"https:\/\/blogs.hoy.es\/senderosextremadura\/wp-json\/wp\/v2\/types\/post"}],"author":[{"embeddable":true,"href":"https:\/\/blogs.hoy.es\/senderosextremadura\/wp-json\/wp\/v2\/users\/27"}],"replies":[{"embeddable":true,"href":"https:\/\/blogs.hoy.es\/senderosextremadura\/wp-json\/wp\/v2\/comments?post=640"}],"version-history":[{"count":0,"href":"https:\/\/blogs.hoy.es\/senderosextremadura\/wp-json\/wp\/v2\/posts\/640\/revisions"}],"wp:attachment":[{"href":"https:\/\/blogs.hoy.es\/senderosextremadura\/wp-json\/wp\/v2\/media?parent=640"}],"wp:term":[{"taxonomy":"category","embeddable":true,"href":"https:\/\/blogs.hoy.es\/senderosextremadura\/wp-json\/wp\/v2\/categories?post=640"},{"taxonomy":"post_tag","embeddable":true,"href":"https:\/\/blogs.hoy.es\/senderosextremadura\/wp-json\/wp\/v2\/tags?post=640"}],"curies":[{"name":"wp","href":"https:\/\/api.w.org\/{rel}","templated":true}]}}