{"id":65,"date":"2012-02-29T11:44:07","date_gmt":"2012-02-29T11:44:07","guid":{"rendered":"http:\/\/blogs.hoy.es\/senderosextremadura\/?p=65"},"modified":"2012-02-29T11:44:07","modified_gmt":"2012-02-29T11:44:07","slug":"ruta-por-monfrague-4-de-marzo","status":"publish","type":"post","link":"https:\/\/blogs.hoy.es\/senderosextremadura\/2012\/02\/29\/ruta-por-monfrague-4-de-marzo\/","title":{"rendered":"Recorre los caminos de Monfrag\u00fce (4 de marzo)"},"content":{"rendered":"<p style=\"text-align: center;\"><a href=\"\/senderosextremadura\/wp-content\/uploads\/sites\/22\/2012\/02\/geografica.jpg\"><img loading=\"lazy\" class=\"aligncenter size-full wp-image-66\" title=\"geografica\" src=\"\/senderosextremadura\/wp-content\/uploads\/sites\/22\/2012\/02\/geografica.jpg\" alt=\"\" width=\"540\" height=\"764\" \/><\/a><\/p>\n<p>&nbsp;<\/p>\n<h2>Como atractivo a\u00f1adido, el <strong>Parque Nacional de Monfrag\u00fce<\/strong> acoge este fin de semana la <strong><a href=\"http:\/\/www.fioextremadura.es\/\" target=\"_blank\" rel=\"external nofollow\">VII Feria de Turismo Ornitol\u00f3gico de Extremadura (FIO)<\/a><\/strong>. Declarado Reserva de la Bioesfera por la Unesco, el Parque es una de las grandes \u00e1reas de concentraci\u00f3n de aves del planeta, raz\u00f3n por la que cada a\u00f1o un 40% de los visitantes son internacionales, principalmente procedentes de Reino Unido y Holanda.<\/h2>\n<h2>Durante la feria, ubicada en Villareal de San Carlos, los interesados encontrar\u00e1n diversas carpas con expositores dedicados a la promoci\u00f3n de empresas tur\u00edsticas, asociaciones, organizaciones e instituciones participantes as\u00ed como agencias de viajes, establecimientos, actividades complementarias o servicios de gu\u00eda.<\/h2>\n<h2><a href=\"http:\/\/www.clubcaminantebadajoz.com\/\" target=\"_blank\" rel=\"external nofollow\"><strong><strong>Env\u00eda tu ruta a\u00a0<\/strong><\/strong><\/a><strong><strong><a href=\"mailto:senderismoextremadurahoy@gmail.com\" target=\"_blank\">senderismoextremadurahoy@gmail.com<\/a><\/strong><\/strong><\/h2>\n<!-- AddThis Advanced Settings generic via filter on the_content --><!-- AddThis Share Buttons generic via filter on the_content -->","protected":false},"excerpt":{"rendered":"<p>&nbsp; Como atractivo a\u00f1adido, el Parque Nacional de Monfrag\u00fce acoge este fin de semana la VII Feria de Turismo Ornitol\u00f3gico de Extremadura (FIO). Declarado Reserva de la Bioesfera por la Unesco, el Parque es una de las grandes \u00e1reas de concentraci\u00f3n de aves del planeta, raz\u00f3n por la que cada a\u00f1o un 40% de los [&hellip;]<!-- AddThis Advanced Settings generic via filter on get_the_excerpt --><!-- AddThis Share Buttons generic via filter on get_the_excerpt --><\/p>\n","protected":false},"author":27,"featured_media":0,"comment_status":"open","ping_status":"closed","sticky":false,"template":"","format":"standard","meta":[],"categories":[4],"tags":[78,162,303,315,349,515,593,886,906,1091],"_links":{"self":[{"href":"https:\/\/blogs.hoy.es\/senderosextremadura\/wp-json\/wp\/v2\/posts\/65"}],"collection":[{"href":"https:\/\/blogs.hoy.es\/senderosextremadura\/wp-json\/wp\/v2\/posts"}],"about":[{"href":"https:\/\/blogs.hoy.es\/senderosextremadura\/wp-json\/wp\/v2\/types\/post"}],"author":[{"embeddable":true,"href":"https:\/\/blogs.hoy.es\/senderosextremadura\/wp-json\/wp\/v2\/users\/27"}],"replies":[{"embeddable":true,"href":"https:\/\/blogs.hoy.es\/senderosextremadura\/wp-json\/wp\/v2\/comments?post=65"}],"version-history":[{"count":0,"href":"https:\/\/blogs.hoy.es\/senderosextremadura\/wp-json\/wp\/v2\/posts\/65\/revisions"}],"wp:attachment":[{"href":"https:\/\/blogs.hoy.es\/senderosextremadura\/wp-json\/wp\/v2\/media?parent=65"}],"wp:term":[{"taxonomy":"category","embeddable":true,"href":"https:\/\/blogs.hoy.es\/senderosextremadura\/wp-json\/wp\/v2\/categories?post=65"},{"taxonomy":"post_tag","embeddable":true,"href":"https:\/\/blogs.hoy.es\/senderosextremadura\/wp-json\/wp\/v2\/tags?post=65"}],"curies":[{"name":"wp","href":"https:\/\/api.w.org\/{rel}","templated":true}]}}