{"id":662,"date":"2012-06-12T10:35:12","date_gmt":"2012-06-12T10:35:12","guid":{"rendered":"http:\/\/blogs.hoy.es\/senderosextremadura\/?p=662"},"modified":"2012-06-12T10:35:12","modified_gmt":"2012-06-12T10:35:12","slug":"caminando-a-orillas-del-tormes-de-tamborrios-a-navalperal-17-de-junio","status":"publish","type":"post","link":"https:\/\/blogs.hoy.es\/senderosextremadura\/2012\/06\/12\/caminando-a-orillas-del-tormes-de-tamborrios-a-navalperal-17-de-junio\/","title":{"rendered":"Caminando a orillas del Tormes, de Tamborrios a Navalperal (17 de junio)"},"content":{"rendered":"<p><span style=\"font-size: medium;\">El <a href=\"http:\/\/www.telefonica.net\/web2\/senderismoemeritaaugusta\/Pagina%20indice.html\" target=\"_blank\" rel=\"external nofollow\"><strong>Club de Senderismo Em\u00e9rita Augusta<\/strong><\/a> programa para el pr\u00f3ximo domingo <strong>17 de junio<\/strong> la V etapa del GR-10 \u00c1vila\u2013C\u00e1ceres. La marcha desde Tamborrios a Navalperal de Tormes tiene una duraci\u00f3n estimada de tres horas y 45 minutos. Durante los16 kil\u00f3metrosde recorrido hay un desnivel acumulado de 267 metros\u00a0de subida y otros420 metrosde bajada. Se recorrer\u00e1n unos16 kil\u00f3metros. La salida en autob\u00fas desde el <strong>Estadio Romano de M\u00e9rida<\/strong> ser\u00e1 a las 6,30 horas. \u00a0<\/span><span style=\"font-size: medium;\"><a href=\"https:\/\/blogs.hoy.es\/senderosextremadura\/2012\/06\/12\/caminando-a-orillas-del-tormes-de-tamborrios-a-navalperal-17-de-junio\/ruta-merida\/\" rel=\"attachment wp-att-663\"><img loading=\"lazy\" class=\"size-full wp-image-663 alignright\" title=\"ruta-merida\" src=\"\/senderosextremadura\/wp-content\/uploads\/sites\/22\/2012\/06\/ruta-merida.jpg\" alt=\"\" width=\"300\" height=\"169\" \/><\/a><\/span><\/p>\n<p><span style=\"font-size: large;\"><strong>Descripci\u00f3n de la ruta<\/strong><\/span><\/p>\n<p><span style=\"font-size: medium;\">Los caminantes saldr\u00e1n del bonito lugar donde lo dejaron la vez anterior, <strong>Tamborrios<\/strong> (1.454 metros), un \u00e1rea recreativa y camping muy concurrido en estas fechas. Dejar\u00e1n a sus espaldas el campamento de Navatormes y poco m\u00e1s adelante el de Maliciosa. Casi todo el camino es fresco, ya que no se abandona la ribera del r\u00edo, pasando por zonas tan bonitas y vistosas como <strong>La Chorrera<\/strong>, donde las aguas del r\u00edo Tormes caen entre las rocas gastadas debido a su potente erosi\u00f3n. Poco despu\u00e9s se remansa acompa\u00f1ada pl\u00e1cidamente entre pinos. As\u00ed se alcanza el famoso <strong>Puente del Duque<\/strong>, conocido por haberlo cruzado siempre que subimos a Gredos, es esta una magnifica zona de descanso con barbacoas y mesas, adem\u00e1s del camping Gredos, un sitio ideal para hacer la primera parada y reponer fuerzas.<\/span><\/p>\n<p><span style=\"font-size: medium;\">Se contin\u00faa entre pinos y retamas por una pista principal que se abandona para llegar al campamento juvenil. En este punto se cruza un precioso sendero esculpido en las rocas y con el r\u00edo Tormes a la izquierda se llega al <strong>refugio de la Hoya<\/strong>, construcci\u00f3n muy utilizada por las personas que frecuentan la c<strong>uerda de Gredos.<\/strong><\/span><\/p>\n<p><span style=\"font-size: medium;\">Se cruza <strong>alg\u00fan prado despejado<\/strong> y se encuentran robles que ofrecen sombra, \u00a0para volver a tocar las orillas del r\u00edo Tormes y podremos ver algunos antiguos molinos antes de llegar al puente de Navacepeda de Tormes, veremos el pueblo a 700 metrosde nuestra ruta el cual dispone de todos los servicios, y lugar ideal para que nuestro autob\u00fas este presente or si fuera necesario darnos alg\u00fan tipo de apoyo, ya que la distancia recorrida hasta este punto es de 11,6 kil\u00f3metros.<\/span><\/p>\n<p><span style=\"font-size: medium;\">Por un camino con amplias zonas pantanosas se alcanza el <strong>arroyo Garbanza<\/strong>, cruz\u00e1ndolo por un bonito puente romano. A partir de aqu\u00ed y por un camino entre muros de piedras y por el cordel de Extremadura y un camino se alcanza Navalperal de Tormes (1.301 metros). Final de la Ruta.<\/span><\/p>\n<p>&nbsp;<\/p>\n<p><strong>M\u00c1S INFORMACI\u00d3N SOBRE PRECIO E INSCRIPCIONES<\/strong><\/p>\n<address><strong>Andr\u00e9s Ramos Sim\u00f3n<\/strong><\/address>\n<address><strong>CLUB DE SENDERISMO EM\u00c9RITA AUGUSTA<\/strong><\/address>\n<address><strong>C\/ Villafranca de los Barros s\/n Estadio Romano, Fondo Sur, Sala n\u00ba 3 <\/strong><\/address>\n<address><strong>06800 M\u00c9RIDA<\/strong><\/address>\n<address><strong>Telf. 924388072 \/\/ 607375796<\/strong><\/address>\n<address><strong>Web: <a href=\"http:\/\/www.google.com\/url?q=http%3A%2F%2Fwww.telefonica.net%2Fweb2%2Fsenderismoemeritaaugusta&#038;sa=D&#038;sntz=1&#038;usg=AFQjCNH7805a4eGFZNKtNOCqZTb_9rJKRQ\" target=\"_blank\">www.telefonica.net\/web2\/<wbr>senderismoemeritaaugusta<\/wbr><\/a><\/strong><\/address>\n<!-- AddThis Advanced Settings generic via filter on the_content --><!-- AddThis Share Buttons generic via filter on the_content -->","protected":false},"excerpt":{"rendered":"<p>El Club de Senderismo Em\u00e9rita Augusta programa para el pr\u00f3ximo domingo 17 de junio la V etapa del GR-10 \u00c1vila\u2013C\u00e1ceres. La marcha desde Tamborrios a Navalperal de Tormes tiene una duraci\u00f3n estimada de tres horas y 45 minutos. Durante los16 kil\u00f3metrosde recorrido hay un desnivel acumulado de 267 metros\u00a0de subida y otros420 metrosde bajada. Se [&hellip;]<!-- AddThis Advanced Settings generic via filter on get_the_excerpt --><!-- AddThis Share Buttons generic via filter on get_the_excerpt --><\/p>\n","protected":false},"author":27,"featured_media":0,"comment_status":"open","ping_status":"closed","sticky":false,"template":"","format":"standard","meta":[],"categories":[4],"tags":[79,121,281,335,495,1018],"_links":{"self":[{"href":"https:\/\/blogs.hoy.es\/senderosextremadura\/wp-json\/wp\/v2\/posts\/662"}],"collection":[{"href":"https:\/\/blogs.hoy.es\/senderosextremadura\/wp-json\/wp\/v2\/posts"}],"about":[{"href":"https:\/\/blogs.hoy.es\/senderosextremadura\/wp-json\/wp\/v2\/types\/post"}],"author":[{"embeddable":true,"href":"https:\/\/blogs.hoy.es\/senderosextremadura\/wp-json\/wp\/v2\/users\/27"}],"replies":[{"embeddable":true,"href":"https:\/\/blogs.hoy.es\/senderosextremadura\/wp-json\/wp\/v2\/comments?post=662"}],"version-history":[{"count":0,"href":"https:\/\/blogs.hoy.es\/senderosextremadura\/wp-json\/wp\/v2\/posts\/662\/revisions"}],"wp:attachment":[{"href":"https:\/\/blogs.hoy.es\/senderosextremadura\/wp-json\/wp\/v2\/media?parent=662"}],"wp:term":[{"taxonomy":"category","embeddable":true,"href":"https:\/\/blogs.hoy.es\/senderosextremadura\/wp-json\/wp\/v2\/categories?post=662"},{"taxonomy":"post_tag","embeddable":true,"href":"https:\/\/blogs.hoy.es\/senderosextremadura\/wp-json\/wp\/v2\/tags?post=662"}],"curies":[{"name":"wp","href":"https:\/\/api.w.org\/{rel}","templated":true}]}}